{"id":12700,"date":"2024-11-06T08:34:51","date_gmt":"2024-11-06T07:34:51","guid":{"rendered":"https:\/\/www.solidarnosc.org.pl\/dok\/?p=12700"},"modified":"2024-11-08T08:52:14","modified_gmt":"2024-11-08T07:52:14","slug":"decyzja-prezydium-kk-nr-147-24-ws-opinii-o-projekcie-rozporzadzenia-mrpips-ws-standardow-opieki-sprawowanejnad-dziecmi-w-wieku-do-lat-3","status":"publish","type":"post","link":"https:\/\/www.solidarnosc.org.pl\/dok\/2024\/11\/06\/decyzja-prezydium-kk-nr-147-24-ws-opinii-o-projekcie-rozporzadzenia-mrpips-ws-standardow-opieki-sprawowanejnad-dziecmi-w-wieku-do-lat-3\/","title":{"rendered":"Decyzja Prezydium KK nr 147\/24 ws. opinii o projekcie rozporz\u0105dzenia MRPiPS ws. standard\u00f3w opieki sprawowanejnad dzie\u0107mi w wieku do lat 3"},"content":{"rendered":"<p style=\"text-align: justify;\">Projekt rozporz\u0105dzenia Ministra Rodziny, Pracy i Polityki Spo\u0142ecznej w sprawie standard\u00f3w opieki sprawowanej nad dzie\u0107mi w wieku do lat 3 z dnia 4 pa\u017adziernika 2024 roku, ma zast\u0105pi\u0107 uchylane nie p\u00f3\u017aniej ni\u017c z dniem 28 czerwca 2026 roku rozporz\u0105dzenie o tym samym tytule aktualnie funkcjonuj\u0105ce (Dz.U.2023.2121).<br \/>\nZmiana rozporz\u0105dzenia ma doprowadzi\u0107 do ujednolicenia standard\u00f3w opieki sprawowanej nad ma\u0142ymi dzie\u0107mi, niezale\u017cnie od formy jej sprawowania oraz co za tym idzie, do podwy\u017cszenia tych standard\u00f3w. Projekt rozporz\u0105dzenia okre\u015bla dwa rodzaje standard\u00f3w: niezb\u0119dne oraz fakultatywne zwane dalej \u201estandardami podnoszenia jako\u015bci\u201d. W projekcie rozporz\u0105dzenia okre\u015bla si\u0119 tak\u017ce standardy jakie podmiot zamierzaj\u0105cy prowadzi\u0107 instytucj\u0119 opieki musi spe\u0142nia\u0107 przed uzyskaniem wpisu do odpowiedniego rejestru lub wykazu.<br \/>\nZdaniem Prezydium Komisji Krajowej NSZZ \u201eSolidarno\u015b\u0107\u201d zaproponowane standardy maj\u0105 szans\u0119 zapewni\u0107 wysok\u0105 jako\u015b\u0107 sprawowanej opieki instytucjonalnej nad dzie\u0107miw wieku do lat 3, co jest odpowiedzi\u0105 na potrzeby rodzic\u00f3w i opiekun\u00f3w ma\u0142ych dzieci, jednak przy za\u0142o\u017ceniu, \u017ce do roku 2026 uda si\u0119 wdro\u017cy\u0107 wszystkie dzia\u0142ania opisane w uzasadnieniu do projektu (w szczeg\u00f3lno\u015bci zorganizowanie wsparcia merytorycznego dla tych instytucjiw tworzeniu odpowiednich plan\u00f3w pracy i wynikaj\u0105cych z nich zakres\u00f3w dzia\u0142a\u0144). Projektowane rozporz\u0105dzenie jest tak\u017ce wype\u0142nieniem zobowi\u0105za\u0144 Rz\u0105du RP wynikaj\u0105cychz Krajowego Planu Odbudowy.<br \/>\nUwag\u0119 zwracaj\u0105 standardy lokalowe jakie b\u0119d\u0105 musia\u0142y spe\u0142nia\u0107 \u017c\u0142obki od 2026 roku. Istniej\u0105 instytucje, kt\u00f3re ju\u017c dzi\u015b mierz\u0105 si\u0119 z trudno\u015bciami w zakresie wyznaczenia osobnych stref wypoczynku i zabawy, dlatego istotnym jest wsparcie finansowe i organizacyjne tak, aby niezb\u0119dne standardy nie stanowi\u0142y istotnej przeszkody w kontynuowaniu funkcjonowania niekt\u00f3rych \u017c\u0142obk\u00f3w.<br \/>\nJednocze\u015bnie Prezydium KK wnosi nast\u0119puj\u0105ce uwagi do projektu rozporz\u0105dzenia:<br \/>\nW \u00a73 ust. 1 okre\u015bla si\u0119 grupy dzieci, kt\u00f3rych potrzeby powinny by\u0107 uwzgl\u0119dnionew szczeg\u00f3lno\u015bci; zgodnie z projektem maj\u0105 nimi by\u0107 w pierwszej kolejno\u015bci dzieci z rodzin nale\u017c\u0105cych do mniejszo\u015bci narodowych lub etnicznych oraz pochodz\u0105cych ze zr\u00f3\u017cnicowanych kulturowo czy j\u0119zykowo rodzin. Niezrozumia\u0142e jest to szczeg\u00f3lne wyr\u00f3\u017cnienie ww. grup dzieci. Zdaniem Prezydium KK to dzieci o szczeg\u00f3lnych potrzebach (z niepe\u0142nosprawno\u015bciami, zagro\u017cone wykluczeniem spo\u0142ecznym) powinny zosta\u0107 w pierwszej kolejno\u015bci obj\u0119te wysokimi standardami opieki, niezale\u017cnie od ich pochodzenia narodowo\u015bciowego czy etnicznego.<br \/>\nNie ma uzasadnienia dla tak ustalonej hierarchii, kt\u00f3ra mo\u017ce zagra\u017ca\u0107 ksenofobicznymi reakcjami ze strony rodzic\u00f3w czy opiekun\u00f3w ma\u0142ych dzieci.<br \/>\nPrezydium KK wnosi o zmian\u0119 kolejno\u015bci wyliczenia w projektowanym \u00a73 ust. 1 grup dzieci, kt\u00f3rych potrzeby standardy opieki powinny dotyczy\u0107 w szczeg\u00f3lno\u015bci.<\/p>\n","protected":false},"excerpt":{"rendered":"<p>Projekt rozporz\u0105dzenia Ministra Rodziny, Pracy i Polityki Spo\u0142ecznej w sprawie standard\u00f3w opieki sprawowanej nad dzie\u0107mi w wieku do lat 3 z dnia 4 pa\u017adziernika 2024 roku, ma zast\u0105pi\u0107 uchylane nie p\u00f3\u017aniej ni\u017c z dniem 28 czerwca 2026 roku rozporz\u0105dzenie o tym samym tytule aktualnie funkcjonuj\u0105ce (Dz.U.2023.2121). Zmiana rozporz\u0105dzenia ma doprowadzi\u0107 do ujednolicenia standard\u00f3w opieki sprawowanej [&hellip;]<\/p>\n","protected":false},"author":3,"featured_media":0,"comment_status":"closed","ping_status":"closed","sticky":false,"template":"","format":"standard","meta":{"footnotes":""},"categories":[3345],"tags":[1478,3378,61,98,534],"class_list":["post-12700","post","type-post","status-publish","format-standard","hentry","category-2024prezydium","tag-147-15","tag-3378","tag-decyzja","tag-kk","tag-prezydium"],"_links":{"self":[{"href":"https:\/\/www.solidarnosc.org.pl\/dok\/wp-json\/wp\/v2\/posts\/12700","targetHints":{"allow":["GET"]}}],"collection":[{"href":"https:\/\/www.solidarnosc.org.pl\/dok\/wp-json\/wp\/v2\/posts"}],"about":[{"href":"https:\/\/www.solidarnosc.org.pl\/dok\/wp-json\/wp\/v2\/types\/post"}],"author":[{"embeddable":true,"href":"https:\/\/www.solidarnosc.org.pl\/dok\/wp-json\/wp\/v2\/users\/3"}],"replies":[{"embeddable":true,"href":"https:\/\/www.solidarnosc.org.pl\/dok\/wp-json\/wp\/v2\/comments?post=12700"}],"version-history":[{"count":1,"href":"https:\/\/www.solidarnosc.org.pl\/dok\/wp-json\/wp\/v2\/posts\/12700\/revisions"}],"predecessor-version":[{"id":12702,"href":"https:\/\/www.solidarnosc.org.pl\/dok\/wp-json\/wp\/v2\/posts\/12700\/revisions\/12702"}],"wp:attachment":[{"href":"https:\/\/www.solidarnosc.org.pl\/dok\/wp-json\/wp\/v2\/media?parent=12700"}],"wp:term":[{"taxonomy":"category","embeddable":true,"href":"https:\/\/www.solidarnosc.org.pl\/dok\/wp-json\/wp\/v2\/categories?post=12700"},{"taxonomy":"post_tag","embeddable":true,"href":"https:\/\/www.solidarnosc.org.pl\/dok\/wp-json\/wp\/v2\/tags?post=12700"}],"curies":[{"name":"wp","href":"https:\/\/api.w.org\/{rel}","templated":true}]}}