{"id":12556,"date":"2024-09-19T10:47:00","date_gmt":"2024-09-19T08:47:00","guid":{"rendered":"https:\/\/www.solidarnosc.org.pl\/dok\/?p=12556"},"modified":"2024-09-23T11:11:04","modified_gmt":"2024-09-23T09:11:04","slug":"stanowisko-kk-nr-7-24-ws-likwidacji-1800-miejsc-pracy-w-polsce","status":"publish","type":"post","link":"https:\/\/www.solidarnosc.org.pl\/dok\/2024\/09\/19\/stanowisko-kk-nr-7-24-ws-likwidacji-1800-miejsc-pracy-w-polsce\/","title":{"rendered":"Stanowisko KK nr 7\/24 ws. likwidacji 1800 miejsc pracy w Polsce"},"content":{"rendered":"<p style=\"text-align: justify;\">Komisja Krajowa NSZZ \u201eSolidarno\u015b\u0107\u201d wyra\u017ca zdecydowany sprzeciw wobec zapowiedzi zwolnienia 1800 pracownik\u00f3w w zak\u0142adach BEKO POLAND MANUFACTURING sp. z o.o. oraz wspiera wszelkie dzia\u0142ania Organizacji Zak\u0142adowych NSZZ \u201eSolidarno\u015b\u0107\u201d w tych zak\u0142adach w celu wycofania tej decyzji. Nale\u017cy pami\u0119ta\u0107, \u017ce skutki zamkni\u0119cia dw\u00f3ch fabryk ch\u0142odziarek w Polsce, we Wroc\u0142awiu i w \u0141odzi, nie ogranicz\u0105 si\u0119 do likwidacji 1800 miejsc pracy, ale b\u0119d\u0105 skutkowa\u0107 kolejnymi zwolnieniami w zak\u0142adach produkuj\u0105cych dla tych fabryk r\u00f3\u017cne elementy i akcesoria.<\/p>\n<p style=\"text-align: justify;\">Zdaniem Komisji Krajowej NSZZ \u201eSolidarno\u015b\u0107\u201d sytuacja w BEKO POLAND MANUFACTURING sp. z o.o. ma swoje korzenie w tzw. Zielonym \u0141adzie, kt\u00f3rego Rz\u0105d Polski jest gor\u0105cym zwolennikiem.<\/p>\n<p style=\"text-align: justify;\">Jedn\u0105 z podstawowych zasad w biznesie jest przewidywalno\u015b\u0107. Wprowadzenie tzw. Zielonego \u0141adu generuje wysoki stopie\u0144 niepewno\u015bci nie tylko w kwestii cen energii, ale w og\u00f3le stabilno\u015bci jej wytwarzania. Dodatkowo r\u00f3\u017cne koszty generowane przez Zielony \u0141ad sk\u0142oni\u0142y koncern do wycofania si\u0119 z Europy. Zapowied\u017a BEKO ws. likwidacji fabryk w Polsce i pozostawienie produkcji we W\u0142oszech wydaje si\u0119 mie\u0107 uzasadnienie w stosunku w\u0142adz w\u0142oskich do Zielonego \u0141adu. Zapowied\u017a W\u0142och\u00f3w o wyst\u0105pieniu z wnioskiem o rewizj\u0119 Zielonego \u0141adu i utrzymaniem produkcji samochod\u00f3w z silnikami spalinowymi jest tego potwierdzeniem.<\/p>\n<p style=\"text-align: justify;\">Komisja Krajowa NSZZ \u201eSolidarno\u015b\u0107\u201d zwraca si\u0119 do Rz\u0105du RP oraz w\u0142adz regionalnych \u0141odzi i Dolnego \u015al\u0105ska o podj\u0119cie wszelkich dzia\u0142a\u0144 prowadz\u0105cych do zmiany decyzji koncernu BEKO dotycz\u0105cej likwidacji 1800 miejsc pracy w Polsce.<\/p>\n","protected":false},"excerpt":{"rendered":"<p>Komisja Krajowa NSZZ \u201eSolidarno\u015b\u0107\u201d wyra\u017ca zdecydowany sprzeciw wobec zapowiedzi zwolnienia 1800 pracownik\u00f3w w zak\u0142adach BEKO POLAND MANUFACTURING sp. z o.o. oraz wspiera wszelkie dzia\u0142ania Organizacji Zak\u0142adowych NSZZ \u201eSolidarno\u015b\u0107\u201d w tych zak\u0142adach w celu wycofania tej decyzji. Nale\u017cy pami\u0119ta\u0107, \u017ce skutki zamkni\u0119cia dw\u00f3ch fabryk ch\u0142odziarek w Polsce, we Wroc\u0142awiu i w \u0141odzi, nie ogranicz\u0105 si\u0119 do [&hellip;]<\/p>\n","protected":false},"author":3,"featured_media":0,"comment_status":"closed","ping_status":"closed","sticky":false,"template":"","format":"standard","meta":{"footnotes":""},"categories":[3344],"tags":[3378,3423,63,100],"class_list":["post-12556","post","type-post","status-publish","format-standard","hentry","category-2024-kk","tag-3378","tag-7-24-2","tag-stanowisko","tag-stanowisko-kk"],"_links":{"self":[{"href":"https:\/\/www.solidarnosc.org.pl\/dok\/wp-json\/wp\/v2\/posts\/12556","targetHints":{"allow":["GET"]}}],"collection":[{"href":"https:\/\/www.solidarnosc.org.pl\/dok\/wp-json\/wp\/v2\/posts"}],"about":[{"href":"https:\/\/www.solidarnosc.org.pl\/dok\/wp-json\/wp\/v2\/types\/post"}],"author":[{"embeddable":true,"href":"https:\/\/www.solidarnosc.org.pl\/dok\/wp-json\/wp\/v2\/users\/3"}],"replies":[{"embeddable":true,"href":"https:\/\/www.solidarnosc.org.pl\/dok\/wp-json\/wp\/v2\/comments?post=12556"}],"version-history":[{"count":2,"href":"https:\/\/www.solidarnosc.org.pl\/dok\/wp-json\/wp\/v2\/posts\/12556\/revisions"}],"predecessor-version":[{"id":12559,"href":"https:\/\/www.solidarnosc.org.pl\/dok\/wp-json\/wp\/v2\/posts\/12556\/revisions\/12559"}],"wp:attachment":[{"href":"https:\/\/www.solidarnosc.org.pl\/dok\/wp-json\/wp\/v2\/media?parent=12556"}],"wp:term":[{"taxonomy":"category","embeddable":true,"href":"https:\/\/www.solidarnosc.org.pl\/dok\/wp-json\/wp\/v2\/categories?post=12556"},{"taxonomy":"post_tag","embeddable":true,"href":"https:\/\/www.solidarnosc.org.pl\/dok\/wp-json\/wp\/v2\/tags?post=12556"}],"curies":[{"name":"wp","href":"https:\/\/api.w.org\/{rel}","templated":true}]}}