{"id":11666,"date":"2024-06-04T10:00:48","date_gmt":"2024-06-04T08:00:48","guid":{"rendered":"https:\/\/www.solidarnosc.org.pl\/dok\/?p=11666"},"modified":"2024-06-06T11:08:13","modified_gmt":"2024-06-06T09:08:13","slug":"decyzja-prezydium-kk-nr-77-24-ws-opinii-o-projekcie-rozporzadzenia-rady-ministrow-zmieniajacego-rozporzadzenie-w-sprawie-wynagradzania-pracownikow-samorzadowych","status":"publish","type":"post","link":"https:\/\/www.solidarnosc.org.pl\/dok\/2024\/06\/04\/decyzja-prezydium-kk-nr-77-24-ws-opinii-o-projekcie-rozporzadzenia-rady-ministrow-zmieniajacego-rozporzadzenie-w-sprawie-wynagradzania-pracownikow-samorzadowych\/","title":{"rendered":"Decyzja Prezydium KK nr 77\/24 ws. opinii o projekcie rozporz\u0105dzenia Rady Ministr\u00f3w zmieniaj\u0105cego rozporz\u0105dzenie w sprawie wynagradzania pracownik\u00f3w samorz\u0105dowych"},"content":{"rendered":"<p style=\"text-align: justify;\">Prezydium Komisji Krajowej NSZZ \u201eSolidarno\u015b\u0107\u201d uwa\u017ca za niewystarczaj\u0105c\u0105 zaproponowan\u0105 w projekcie rozporz\u0105dzenia Rady Ministr\u00f3w zmieniaj\u0105cego rozporz\u0105dzenie w sprawie wynagradzania pracownik\u00f3w samorz\u0105dowych podwy\u017ck\u0119 kwot minimalnego miesi\u0119cznego poziomu wynagrodzenia zasadniczego ustalonego w kategoriach zaszeregowania. <br \/>Prezydium KK negatywnie ocenia fakt, i\u017c dopiero na poziomie VII kategorii zaszeregowania p\u0142aca zasadnicza osi\u0105ga poziom wynagrodzenia minimalnego. Samo dostosowywanie wynagrodze\u0144 zasadniczych do wysoko\u015bci minimalnego nie pozwoli na zwi\u0119kszenie atrakcyjno\u015bci zatrudnienia w strukturach samorz\u0105dowych, kt\u00f3re odpowiadaj\u0105 za sprawne funkcjonowanie aparatu pa\u0144stwa najbli\u017cej obywateli oraz zaspokajaniu zbiorowych potrzeb danej wspo\u0301lnoty samorz\u0105dowej. Podwy\u017cka powy\u017cej zaproponowanego poziomu pozwoli\u0142aby na zahamowanie trendu sp\u0142aszczania wynagrodze\u0144 pracownik\u00f3w samorz\u0105dowych, kt\u00f3ry post\u0119puje od kilku lat.<br \/>Tym samym Prezydium KK podtrzymuje stanowisko wyra\u017cone w Uchwale nr 129 strony pracownik\u00f3w i strony pracodawc\u00f3w Rady Dialogu Spo\u0142ecznego z dnia 22 kwietnia 2024 r. w sprawie wynagrodze\u0144 pracownik\u00f3w samorz\u0105dowych.<br \/>Bior\u0105c pod uwag\u0119 fakt, i\u017c wysoko\u015b\u0107 minimalnego wynagrodzenia za prac\u0119 oraz wysoko\u015bci minimalnej stawki godzinowej s\u0105 og\u0142aszane w miesi\u0105cu wrze\u015bniu, konieczne jest wcze\u015bniejsze rozpocz\u0119cie prac nad wprowadzeniem zmian w wysoko\u015bci wynagradzania pracownik\u00f3w samorz\u0105dowych w roku poprzedzaj\u0105cym. Na krytyk\u0119 zas\u0142uguje r\u00f3wnie\u017c fakt wej\u015bcia w \u017cycie rozporz\u0105dzenia w dniu 1 lipca. Taka sytuacja powoduje i\u017c, przez p\u00f3\u0142 roku pracownicy samorz\u0105dowi otrzymuj\u0105 r\u00f3wnie\u017c ni\u017csze \u015bwiadczenia powi\u0105zane z wynagrodzeniem zasadniczym (m.in. dodatek za wieloletni\u0105 prac\u0119 \u2013 jego podstaw\u0105 jest wynagrodzenie zasadnicze).<br \/>Prezydium Komisji Krajowej NSZZ \u201eSolidarno\u015b\u0107\u201d kolejny rok z rz\u0119du domaga si\u0119 wypracowania zmian o charakterze systemowym w zakresie wynagradzania pracownik\u00f3w samorz\u0105dowych.<\/p>\n","protected":false},"excerpt":{"rendered":"<p>Prezydium Komisji Krajowej NSZZ \u201eSolidarno\u015b\u0107\u201d uwa\u017ca za niewystarczaj\u0105c\u0105 zaproponowan\u0105 w projekcie rozporz\u0105dzenia Rady Ministr\u00f3w zmieniaj\u0105cego rozporz\u0105dzenie w sprawie wynagradzania pracownik\u00f3w samorz\u0105dowych podwy\u017ck\u0119 kwot minimalnego miesi\u0119cznego poziomu wynagrodzenia zasadniczego ustalonego w kategoriach zaszeregowania. Prezydium KK negatywnie ocenia fakt, i\u017c dopiero na poziomie VII kategorii zaszeregowania p\u0142aca zasadnicza osi\u0105ga poziom wynagrodzenia minimalnego. Samo dostosowywanie wynagrodze\u0144 zasadniczych do [&hellip;]<\/p>\n","protected":false},"author":3,"featured_media":0,"comment_status":"closed","ping_status":"closed","sticky":false,"template":"","format":"standard","meta":{"footnotes":""},"categories":[3345],"tags":[3378,3462,61,536,534],"class_list":["post-11666","post","type-post","status-publish","format-standard","hentry","category-2024prezydium","tag-3378","tag-77-24","tag-decyzja","tag-decyzja-prezydium","tag-prezydium"],"_links":{"self":[{"href":"https:\/\/www.solidarnosc.org.pl\/dok\/wp-json\/wp\/v2\/posts\/11666","targetHints":{"allow":["GET"]}}],"collection":[{"href":"https:\/\/www.solidarnosc.org.pl\/dok\/wp-json\/wp\/v2\/posts"}],"about":[{"href":"https:\/\/www.solidarnosc.org.pl\/dok\/wp-json\/wp\/v2\/types\/post"}],"author":[{"embeddable":true,"href":"https:\/\/www.solidarnosc.org.pl\/dok\/wp-json\/wp\/v2\/users\/3"}],"replies":[{"embeddable":true,"href":"https:\/\/www.solidarnosc.org.pl\/dok\/wp-json\/wp\/v2\/comments?post=11666"}],"version-history":[{"count":1,"href":"https:\/\/www.solidarnosc.org.pl\/dok\/wp-json\/wp\/v2\/posts\/11666\/revisions"}],"predecessor-version":[{"id":11668,"href":"https:\/\/www.solidarnosc.org.pl\/dok\/wp-json\/wp\/v2\/posts\/11666\/revisions\/11668"}],"wp:attachment":[{"href":"https:\/\/www.solidarnosc.org.pl\/dok\/wp-json\/wp\/v2\/media?parent=11666"}],"wp:term":[{"taxonomy":"category","embeddable":true,"href":"https:\/\/www.solidarnosc.org.pl\/dok\/wp-json\/wp\/v2\/categories?post=11666"},{"taxonomy":"post_tag","embeddable":true,"href":"https:\/\/www.solidarnosc.org.pl\/dok\/wp-json\/wp\/v2\/tags?post=11666"}],"curies":[{"name":"wp","href":"https:\/\/api.w.org\/{rel}","templated":true}]}}