{"id":11525,"date":"2004-08-27T22:00:00","date_gmt":"2004-08-27T20:00:00","guid":{"rendered":"https:\/\/www.solidarnosc.org.pl\/dok\/2004\/08\/27\/28-sierpnia-2004\/"},"modified":"2004-08-27T22:00:00","modified_gmt":"2004-08-27T20:00:00","slug":"28-sierpnia-2004","status":"publish","type":"post","link":"https:\/\/www.solidarnosc.org.pl\/dok\/2004\/08\/27\/28-sierpnia-2004\/","title":{"rendered":"28 sierpnia 2004"},"content":{"rendered":"<p>\n\t<b>Komunikat<\/b><\/p>\n<p>\n\tW dniu 28 sierpnia 2004 r. w Szczecinie odby\u0142o si\u0119 uroczyste posiedzenie Komisji Krajowej NSZZ &quot;Solidarno\u015b\u0107&quot;, podczas kt&oacute;rego w specjalnym stanowisku z\u0142o\u017cono ho\u0142d wszystkim uczestnikom wydarze\u0144 z sierpnia 1980 roku, w wyniku kt&oacute;rych powo\u0142ano do \u017cycia zwi\u0105zek. W Szczecinie, obok Gda\u0144ska i Jastrz\u0119bia podpisano porozumienia komitet&oacute;w strajkowych z rz\u0105dem. By\u0142y to wydarzenia bez precedensu w historii powojennej Europy &#8211; czytamy w stanowisku. Dzi\u015b, obchodz\u0105c XXIV rocznic\u0119 Sierpnia, dzi\u0119kujemy tym, kt&oacute;rzy przewodzili strajkom oraz wszystkim, kt&oacute;rzy czynnie uczestniczyli w akcjach strajkowych lub je wspierali. Bez tego wsparcia, bez ofiarnej pomocy ca\u0142ego spo\u0142ecze\u0144stwa zwyci\u0119stwo by\u0142oby niemo\u017cliwe. Ze s\u0142owami szczeg&oacute;lnych podzi\u0119kowa\u0144 zwr&oacute;cono si\u0119 do Ojca \u015awi\u0119tego i Ko\u015bcio\u0142a Katolickiego w Polsce za duchowe wsparcie w walce o Solidarno\u015b\u0107 i wolno\u015b\u0107.<\/p>\n<p>\n\tW obradach Komisji Krajowej uczestniczyli prof. Jerzy Buzek &#8211; pose\u0142 do parlamentu europejskiego oraz J&oacute;zef Niemiec &#8211; sekretarz Europejskiej Konfederacji Zwi\u0105zk&oacute;w Zawodowych. Z ich udzia\u0142em odby\u0142a si\u0119 dyskusja na temat przysz\u0142o\u015bci i zada\u0144 ruchu zwi\u0105zkowego wynikaj\u0105cych z przyst\u0105pienia Polski do Unii Europejskiej.<\/p>\n<p>\n\tListy z pozdrowieniami do uczestnik&oacute;w obrad przes\u0142ali Lech Wa\u0142\u0119sa, Jan Ko\u0142akowski i Mieczys\u0142aw Janowski.<\/p>\n<p>\n\tW dalszej cz\u0119\u015bci posiedzenia cz\u0142onkowie Komisji Krajowej zapoznali si\u0119 z informacjami o przebiegu prac nad nowelizacj\u0105 ustawy o ubezpieczeniach zdrowotnych oraz projektem ustawy o informacji i konsultacji z pracownikami.<\/p>\n<p>\n\tPo zako\u0144czeniu obrad na Zamku Ksi\u0105\u017c\u0105t Pomorskich odby\u0142o si\u0119 otwarcie wystawy po\u015bwi\u0119conej 24-letniej historii &quot;Solidarno\u015bci&quot;.<\/p>\n<ul>\n<li>\n<p class=\"podpis\">\n\t\t\tDariusz Wasielewski &#8211; rzecznik prasowy KK<\/p>\n<\/li>\n<\/ul>\n<p>\n\t<a name=\"Stan\"><b>Stan<\/b><\/a><b>owisko nr 10\/04<br \/>\n\tw XXIV rocznic\u0119 powstania NSZZ &quot;Solidarno\u015b\u0107&quot;<\/b><\/p>\n<p>\n\tKomisja Krajowa NSZZ &quot;Solidarno\u015b\u0107&quot; sk\u0142ada ho\u0142d wszystkim uczestnikom wydarze\u0144 z sierpnia 1980 roku, w wyniku kt&oacute;rych powo\u0142ano do \u017cycia NSZZ &quot;Solidarno\u015b\u0107&quot;.<\/p>\n<p>\n\tSierpie\u0144 1980 roku wpisa\u0142 si\u0119 w ci\u0105g historycznych zmaga\u0144 narodu, dla kt&oacute;rego wolno\u015b\u0107 by\u0142a zawsze upragnionym celem, a uznanie godno\u015bci cz\u0142owieka, szczeg&oacute;lnie cz\u0142owieka pracy, warunkiem koniecznym spo\u0142ecznego \u0142adu. To tu, w Szczecinie, w 1980 roku i wcze\u015bniej &#8211; w 1970 roku &#8211; robotnicy Pomorza Zachodniego odwa\u017cnie sprzeciwili si\u0119 niesprawiedliwo\u015bci, daj\u0105c wyraz swemu przywi\u0105zaniu do prawdy i wolno\u015bci. W Szczecinie, obok Gda\u0144ska i Jastrz\u0119bia, w sierpniu 1980 roku podpisano porozumienia komitet&oacute;w strajkowych z rz\u0105dem. By\u0142y to wydarzenia bez precedensu w historii powojennej Europy: solidarny op&oacute;r spo\u0142ecze\u0144stwa zmusi\u0142 komunistyczne w\u0142adze do wyra\u017cenia zgody na utworzenie ca\u0142kowicie niezale\u017cnej organizacji &#8211; Niezale\u017cnego Samorz\u0105dnego Zwi\u0105zku Zawodowego &quot;Solidarno\u015b\u0107&quot;.<\/p>\n<p>\n\tDzi\u015b, obchodz\u0105c XXIV rocznic\u0119 Sierpnia, dzi\u0119kujemy tym, kt&oacute;rzy przewodzili strajkom oraz wszystkim, kt&oacute;rzy czynnie uczestniczyli w akcjach strajkowych lub je wspierali. Bez tego wsparcia, bez ofiarnej pomocy ca\u0142ego spo\u0142ecze\u0144stwa zwyci\u0119stwo by\u0142oby niemo\u017cliwe.<\/p>\n<p>\n\tW spos&oacute;b szczeg&oacute;lny dzi\u0119kujemy Ojcu \u015awi\u0119temu i Ko\u015bcio\u0142owi Katolickiemu w Polsce za duchowe wsparcie w walce o solidarno\u015b\u0107 i wolno\u015b\u0107.<\/p>\n<p>\n\tDzisiaj, gdy sytuacja pracuj\u0105cych jest cz\u0119sto bardzo trudna, a przysz\u0142o\u015b\u0107 niepewna, pami\u0119\u0107 Sierpnia o\u017cywia nasz\u0105 nadziej\u0119 i budzi wiar\u0119 w zwyci\u0119stwo tego, co dobre, w zwyci\u0119stwo godno\u015bci ka\u017cdego cz\u0142owieka i solidarno\u015bci mi\u0119dzyludzkiej.<\/p>\n<p><\/p>\n","protected":false},"excerpt":{"rendered":"<p>Komunikat W dniu 28 sierpnia 2004 r. w Szczecinie odby\u0142o si\u0119 uroczyste posiedzenie Komisji Krajowej NSZZ &quot;Solidarno\u015b\u0107&quot;, podczas kt&oacute;rego w specjalnym stanowisku z\u0142o\u017cono ho\u0142d wszystkim uczestnikom wydarze\u0144 z sierpnia 1980 roku, w wyniku kt&oacute;rych powo\u0142ano do \u017cycia zwi\u0105zek. W Szczecinie, obok Gda\u0144ska i Jastrz\u0119bia podpisano porozumienia komitet&oacute;w strajkowych z rz\u0105dem. By\u0142y to wydarzenia bez precedensu [&hellip;]<\/p>\n","protected":false},"author":3,"featured_media":0,"comment_status":"closed","ping_status":"closed","sticky":false,"template":"","format":"standard","meta":{"footnotes":""},"categories":[3432,8],"tags":[],"class_list":["post-11525","post","type-post","status-publish","format-standard","hentry","category-2004kk","category-dokkk"],"_links":{"self":[{"href":"https:\/\/www.solidarnosc.org.pl\/dok\/wp-json\/wp\/v2\/posts\/11525","targetHints":{"allow":["GET"]}}],"collection":[{"href":"https:\/\/www.solidarnosc.org.pl\/dok\/wp-json\/wp\/v2\/posts"}],"about":[{"href":"https:\/\/www.solidarnosc.org.pl\/dok\/wp-json\/wp\/v2\/types\/post"}],"author":[{"embeddable":true,"href":"https:\/\/www.solidarnosc.org.pl\/dok\/wp-json\/wp\/v2\/users\/3"}],"replies":[{"embeddable":true,"href":"https:\/\/www.solidarnosc.org.pl\/dok\/wp-json\/wp\/v2\/comments?post=11525"}],"version-history":[{"count":0,"href":"https:\/\/www.solidarnosc.org.pl\/dok\/wp-json\/wp\/v2\/posts\/11525\/revisions"}],"wp:attachment":[{"href":"https:\/\/www.solidarnosc.org.pl\/dok\/wp-json\/wp\/v2\/media?parent=11525"}],"wp:term":[{"taxonomy":"category","embeddable":true,"href":"https:\/\/www.solidarnosc.org.pl\/dok\/wp-json\/wp\/v2\/categories?post=11525"},{"taxonomy":"post_tag","embeddable":true,"href":"https:\/\/www.solidarnosc.org.pl\/dok\/wp-json\/wp\/v2\/tags?post=11525"}],"curies":[{"name":"wp","href":"https:\/\/api.w.org\/{rel}","templated":true}]}}