{"id":11524,"date":"2004-06-15T22:00:00","date_gmt":"2004-06-15T20:00:00","guid":{"rendered":"https:\/\/www.solidarnosc.org.pl\/dok\/2004\/06\/15\/16-czerwca-2004-18-21-04\/"},"modified":"2004-06-15T22:00:00","modified_gmt":"2004-06-15T20:00:00","slug":"16-czerwca-2004-18-21-04","status":"publish","type":"post","link":"https:\/\/www.solidarnosc.org.pl\/dok\/2004\/06\/15\/16-czerwca-2004-18-21-04\/","title":{"rendered":"16 czerwca 2004 (18-21\/04)"},"content":{"rendered":"<p>\n\t<b>Komunikat<\/b><\/p>\n<p>\n\tW dniu 16 czerwca 2004 r. w Gda\u0144sku odby\u0142o si\u0119 posiedzenie Komisji Krajowej NSZZ &quot;Solidarno\u015b\u0107&quot;, podczas kt&oacute;rego postanowiono, \u017ce centralne uroczysto\u015bci z okazji XXIV rocznicy wydarze\u0144 Sierpnia 1980 roku oraz powstania NSZZ &quot;Solidarno\u015b\u0107&quot; odb\u0119d\u0105 si\u0119 w dniach 29 &#8211; 30 sierpnia br. w Szczecinie.<\/p>\n<p>\n\tPrzyj\u0119to tak\u017ce uchwa\u0142\u0119 ws. jubileuszowych uroczysto\u015bci z okazji XXV rocznicy wydarze\u0144 sierpniowych postanawiaj\u0105c, i\u017c odb\u0119d\u0105 si\u0119 one w Gda\u0144sku w dniach: 30 sierpnia 2005 r. &#8211; uroczysty Krajowy Zjazd Delegat&oacute;w NSZZ &quot;Solidarno\u015b\u0107&quot; w hali Oliwia oraz 31 sierpnia 2005 r. &#8211; uroczysta msza \u015bwi\u0119ta polowa na placu Solidarno\u015bci pod Pomnikiem Poleg\u0142ych Stoczniowc&oacute;w.<\/p>\n<p>\n\tDyskutuj\u0105c o bie\u017c\u0105cej sytuacji w kraju cz\u0142onkowie Komisji Krajowej zdecydowali, \u017ce zaplanowana na 18 czerwca br. manifestacja w obronie praw pracowniczych i zwi\u0105zkowych w Cz\u0119stochowie zako\u0144czy drugi etap Dni protestu przeciwko antyspo\u0142ecznej polityce rz\u0105du.<\/p>\n<p>\n\tW trakcie obrad om&oacute;wiono dokumenty przyj\u0119te przez XVII Krajowy Zjazd Delegat&oacute;w NSZZ &quot;Solidarno\u015b\u0107&quot; w Spale oraz te projekty, kt&oacute;re delegaci skierowali do Komisji Krajowej. Te ostatnie przekazano do prac we w\u0142a\u015bciwych zespo\u0142ach KK.<\/p>\n<p>\n\tKomisja Krajowa, nawi\u0105zuj\u0105c do stanowiska Zwi\u0105zku w sprawie zakazu pracy w \u015bwi\u0119ta ko\u015bcielne i narodowe, przyj\u0119\u0142a uchwa\u0142\u0119 zobowi\u0105zuj\u0105c\u0105 zarz\u0105dy region&oacute;w do wyst\u0105pienia do samorz\u0105d&oacute;w lokalnych (w&oacute;jt&oacute;w, burmistrz&oacute;w, prezydent&oacute;w miast i radnych) o skorzystanie przez nie z posiadanych uprawnie\u0144 i podj\u0119cie uchwa\u0142 ograniczaj\u0105cych handel w du\u017cych plac&oacute;wkach handlowych w niedziele i \u015bwi\u0119ta.<\/p>\n<p>\n\tW specjalnej uchwale Komisja Krajowa wyrazi\u0142a swoje poparcie dla prowadz\u0105cej akcj\u0119 protestacyjn\u0105 za\u0142ogi Sp&oacute;\u0142ki EAST &#8211; WOOD w Dryga\u0142ach w Regionie Warmi\u0144sko &#8211; Mazurskim domagaj\u0105cej si\u0119 wyp\u0142acenia zaleg\u0142ych wynagrodze\u0144, zwracaj\u0105c si\u0119 jednocze\u015bnie z apelem do wszystkich struktur Zwi\u0105zku o pomoc materialn\u0105 dla strajkuj\u0105cej za\u0142ogi w ramach akcji solidarno\u015bciowej.<\/p>\n<p>\n\tCz\u0142onkowie Komisji Krajowej z satysfakcj\u0105 komentowali poniedzia\u0142kowy wyrok Trybuna\u0142u Konstytucyjnego stwierdzaj\u0105cy, i\u017c pracownicy starszych rocznik&oacute;w zatrudnieni w warunkach szkodliwych maj\u0105 prawo do wcze\u015bniejszej emerytury niezale\u017cnie od tego, czy pracowali u uspo\u0142ecznionego, czy u prywatnego pracodawcy. Przepisy ustawy o wcze\u015bniejszych emeryturach zaskar\u017cy\u0142a do Trybuna\u0142u Komisja Krajowa. Na ich podstawie ZUS odmawia\u0142 przyznania wcze\u015bniejszych emerytur osobom zatrudnionym w warunkach szkodliwych u prywatnego pracodawcy. Wyrok wejdzie w \u017cycie za kilka dni, po opublikowaniu go w Dzienniku Ustaw.<\/p>\n<p>\n\tW kontek\u015bcie niedzielnych wybor&oacute;w do Parlamentu Europejskiego podj\u0119to tak\u017ce kwesti\u0119 rozpocz\u0119cia powa\u017cnej dyskusji politycznej zar&oacute;wno w Zwi\u0105zku, jak i z partiami politycznymi. Przewodnicz\u0105cy Komisji Krajowej Janusz \u015aniadek zapowiedzia\u0142, \u017ce w najbli\u017cszych tygodniach zostanie przeprowadzona w\u015br&oacute;d cz\u0142onk&oacute;w Zwi\u0105zku ankieta identyfikuj\u0105ca pogl\u0105dy zwi\u0105zkowc&oacute;w. Jej wyniki pomog\u0105 rzetelnie okre\u015bli\u0107 zasadnicze postulaty, kt&oacute;re mog\u0142yby sta\u0107 si\u0119 przedmiotem rozm&oacute;w z partiami.<\/p>\n<p>\n\tKomisja Krajowa zapozna\u0142a si\u0119 r&oacute;wnie\u017c z informacj\u0105 o kondycji &quot;Tygodnika Solidarno\u015b\u0107&quot; i Sp&oacute;\u0142ki &quot;TySol&quot;, kt&oacute;r\u0105 przedstawili redaktor naczelny Jerzy K\u0142osi\u0144ski i prezes zarz\u0105du Zbigniew Fabja\u0144czuk. Zwi\u0119kszenie liczby sta\u0142ych prenumerator&oacute;w i docieranie z rzeteln\u0105 informacj\u0105 wprost do cz\u0142onk&oacute;w zwi\u0105zku jest g\u0142&oacute;wn\u0105 trosk\u0105 redakcji i wydawcy. Jednak pula komisji zak\u0142adowych zamawiaj\u0105cych &quot;Tygodnik&quot; wci\u0105\u017c maleje.<\/p>\n<p>\n\tPodczas posiedzenia po\u017cegnano ust\u0119puj\u0105cego ze sk\u0142adu Komisji Krajowej Jerzego \u017burawieckiego, dzi\u0119kuj\u0105c mu za wieloletni\u0105 wsp&oacute;\u0142prac\u0119. Przywitano jednocze\u015bnie, przyby\u0142ego w jego miejsce, nowego szefa Regionu Koni\u0144skiego Zdzis\u0142awa Nowakowskiego. &nbsp;<\/p>\n<ul>\n<li>\n<p class=\"podpis\">\n\t\t\tDariusz Wasielewski &#8211; rzecznik prasowy KK<\/p>\n<\/li>\n<\/ul>\n<p>\n\t<u><b>Uchwa\u0142a KK nr 18\/04<br \/>\n\tws. centralnych uroczysto\u015bci z okazji XXIV rocznicy powstania NSZZ &quot;Solidarno\u015b\u0107&quot;<\/b><\/u><\/p>\n<p>\n\tKomisja Krajowa NSZZ &quot;Solidarno\u015b\u0107&quot; postanawia, \u017ce centralne uroczysto\u015bci z okazji XXIV rocznicy powstania NSZZ &quot;Solidarno\u015b\u0107&quot; odb\u0119d\u0105 si\u0119 w dniach 29 &#8211; 30 sierpnia 2004 r. (niedziela, poniedzia\u0142ek) w Szczecinie.<\/p>\n<p>\n\t<u><b>Uchwa\u0142a KK nr 19\/04<br \/>\n\tws. jubileuszowych uroczysto\u015bci z okazji XXV rocznicy powstania NSZZ &quot;Solidarno\u015b\u0107&quot;<\/b><\/u><\/p>\n<p>\n\tKomisja Krajowa NSZZ &quot;Solidarno\u015b\u0107&quot; postanawia, \u017ce jubileuszowe uroczysto\u015bci z okazji XXV rocznicy powstania NSZZ &quot;Solidarno\u015b\u0107&quot; odb\u0119d\u0105 si\u0119 w Gda\u0144sku:<\/p>\n<ul>\n<li>\n\t\t30 sierpnia 2005 r. (wtorek) &#8211; uroczysty Krajowy Zjazd Delegat&oacute;w NSZZ &quot;Solidarno\u015b\u0107&quot; w hali Oliwia,<\/li>\n<li>\n\t\t31 sierpnia 2005 r. (\u015broda) &#8211; uroczysta msza \u015bw. polowa na placu Solidarno\u015bci pod pomnikiem poleg\u0142ych Stoczniowc&oacute;w.<\/li>\n<\/ul>\n<p>\n\t<u><b>Uchwa\u0142a KK nr 20\/04<br \/>\n\tws. ograniczenia handlu w niedziele i \u015bwi\u0119ta<\/b><\/u><\/p>\n<p>\n\tKomisja Krajowa NSZZ &quot;Solidarno\u015b\u0107&quot;, nawi\u0105zuj\u0105c do stanowiska Zwi\u0105zku w sprawie zakazu pracy w \u015bwi\u0119ta ko\u015bcielne i narodowe, zobowi\u0105zuje zarz\u0105dy region&oacute;w do wyst\u0105pienia do samorz\u0105d&oacute;w lokalnych (w&oacute;jt&oacute;w, burmistrz&oacute;w, prezydent&oacute;w miast i radnych) o skorzystanie przez nie z posiadanych uprawnie\u0144 i podj\u0119cie uchwa\u0142 ograniczaj\u0105cych handel w du\u017cych plac&oacute;wkach handlowych w niedziele i \u015bwi\u0119ta.<\/p>\n<p>\n\tW za\u0142\u0105czeniu wz&oacute;r uchwa\u0142y.<\/p>\n<h4>\n\tUchwa\u0142a Rady Miejskiej &#8230;<br \/>\n\tz dnia<\/h4>\n<p>\n\tw sprawie ustalenia dni i godzin otwarcia i zamykania plac&oacute;wek handlu detalicznego. zak\u0142ad&oacute;w gastronomicznych i zak\u0142ad&oacute;w us\u0142ugowych dla ludno\u015bci na terenie miasta &#8230;.<\/p>\n<p>\n\tNa podstawie art. 40 ust. 1 i art. 41 ust. 1 ustawy z dnia 8 marca 1990 r. o samorz\u0105dzie gminnym: Dz. U. z 2001 r. Nr 142 poz. 1591, z 2002 r. Nr 23 poz. 220, Nr 62 poz. 558, Nr 113 poz. 984 i Nr 214 poz. 1806, z 2003 r. Nr 80 poz. 717, Nr 162 poz. 1568 i z 2004 r. Nr 102 poz. 1055 oraz art. XII par. 1 ustawy z dnia 26 czerwca 1974 r. Przepisy wprowadzaj\u0105ce Kodeks pracy (Dz. U. Nr 24, poz. 142, zm: z 1982 r. Nr 16 poz. 125, z 1985 r. Nr 23. poz. 100, z 1990 r. Nr 34 poz. 198 z 1990 r. Nr 72 poz.422, z 1992 r. Nr 24 poz. 101, z 1994 r. Nr 84 poz. 386, z 1995 r. Nr 95 poz. 475).<\/p>\n<p>\n\tuchwala, co nast\u0119puje:<\/p>\n<p>\n\tPar. 1<\/p>\n<ol>\n<li>\n\t\tPlac&oacute;wki handlu detalicznego na terenie miasta &#8230;&#8230;&#8230; mog\u0105 funkcjonowa\u0107 w dni powszednie (od poniedzia\u0142ku do soboty) oraz w niedziele i \u015bwi\u0119ta od godziny 5.00 do godziny 4.30 dnia nast\u0119pnego z zastrze\u017ceniem ust. 2.<\/li>\n<li>\n\t\tPlac&oacute;wki handlu detalicznego prowadzone w obiektach o powierzchni sprzeda\u017cy powy\u017cej 300 m kw. nie mog\u0105 prowadzi\u0107 handlu (sprzeda\u017cy) w okresie od godziny 23.00 w sobot\u0119 do godzin 5.00 w poniedzia\u0142ek oraz w dniach ustawowo wolnych od pracy.<\/li>\n<li>\n\t\tIlekro\u0107 w niniejszej uchwale jest mowa o &quot;powierzchni sprzeda\u017cy&quot; &#8211; nale\u017cy przez to rozumie\u0107 og&oacute;lnodost\u0119pn\u0105 powierzchni\u0119 obiektu handlowego stanowi\u0105cego ca\u0142o\u015b\u0107 techniczno-u\u017cytkow\u0105, przeznaczon\u0105 do sprzeda\u017cy detalicznej, w kt&oacute;rej odbywa si\u0119 bezpo\u015brednia sprzeda\u017c towar&oacute;w (bez wliczania do niej powierzchni us\u0142ug i gastronomii oraz powierzchni pomocniczej, do kt&oacute;rej zalicza si\u0119 powierzchni\u0119 magazyn&oacute;w, biur, komunikacji ekspozycji wystawowej itp.).<\/li>\n<\/ol>\n<p>\n\tPar. 2<\/p>\n<ol>\n<li>\n\t\tZak\u0142ady gastronomiczne, zak\u0142ady us\u0142ugowe dla ludno\u015bci, mog\u0105 funkcjonowa\u0107 codziennie w godzinach 6.00 &#8211; 22.00.<\/li>\n<li>\n\t\tZak\u0142ady gastronomiczne i zak\u0142ady us\u0142ugowe dla ludno\u015bci mog\u0105 funkcjonowa\u0107 tak\u017ce w porze nocnej. tj. w godzinach 22.00 &#8211; 6.00 z zastrze\u017ceniem par. 3.<\/li>\n<\/ol>\n<p>\n\tPar. 3<\/p>\n<p>\n\tPrezydent Miasta &#8230;&#8230;. decyzj\u0105 administracyjn\u0105 mo\u017ce zakaza\u0107 funkcjonowania w porze nocnej plac&oacute;wki handlu detalicznego, zak\u0142adu gastronomicznego i zak\u0142adu us\u0142ugowego dla ludno\u015bci, je\u017celi jej dzia\u0142alno\u015b\u0107 powoduje powstanie powtarzaj\u0105cego si\u0119 zak\u0142&oacute;cenia spokoju i porz\u0105dku publicznego w miejscu prowadzenia dzia\u0142alno\u015bci lub w jego okolicy i jest potwierdzone informacjami Miejskiej Komendy Policji w &#8230;&#8230;&#8230; lub Stra\u017cy Miejskiej w &#8230;&#8230;..<\/p>\n<p>\n\tPar. 4<\/p>\n<p>\n\tPrzedsi\u0119biorca prowadz\u0105cy plac&oacute;wk\u0119 handlu detalicznego, zak\u0142ad gastronomiczny i zak\u0142ad us\u0142ugowy dla ludno\u015bci zobowi\u0105zany jest poinformowa\u0107 klient&oacute;w o dniach i godzinach pracy plac&oacute;wki oraz o okresowych wy\u0142\u0105czeniach jej z pracy poprzez umieszczenie czytelnej informacji na drzwiach wej\u015bciowych obiektu.<\/p>\n<p>\n\tPar. 5<\/p>\n<p>\n\tPrzepis&oacute;w niniejszej uchwa\u0142y nie stosuje si\u0119 do aptek, sezonowych ogr&oacute;dk&oacute;w gastronomicznych, w kt&oacute;rych spo\u017cywane s\u0105 napoje alkoholowe, innych plac&oacute;wek, kt&oacute;rych dni i godziny otwierania i zamykania reguluj\u0105 odr\u0119bne przepisy.<\/p>\n<p>\n\tPar. 6<\/p>\n<p>\n\tWinni naruszenia przepis&oacute;w niniejszej uchwa\u0142y podlegaj\u0105 karze grzywny orzekanej w trybie przepis&oacute;w o post\u0119powaniu w sprawach o wykroczenia.<\/p>\n<p>\n\tPar. 7<\/p>\n<p>\n\tWykonanie uchwa\u0142y powierza si\u0119 Prezydentowi Miasta &#8230;&#8230;&#8230;<\/p>\n<p>\n\tPar. 8<\/p>\n<p>\n\tTraci moc uchwa\u0142a Nr ..Rady Miejskiej &#8230;&#8230;.. z dnia &#8230;&#8230; w sprawie okre\u015blenia dni i godzin otwierania i zamykania plac&oacute;wek handlu detalicznego, zak\u0142ad&oacute;w gastronomicznych i zak\u0142ad&oacute;w us\u0142ugowych dla ludno\u015bci.<\/p>\n<p>\n\tPar. 9<br \/>\n\tUchwa\u0142a wchodzi w \u017cycie po up\u0142ywie 14 dni od dnia og\u0142oszenia w Dzienniku Urz\u0119dowym Wojew&oacute;dztwa &#8230;&#8230;.<\/p>\n<p>\n\tPrzewodnicz\u0105cy Rady Miejskiej w &#8230;&#8230;.<\/p>\n<p>\n\t<u><b>Uchwa\u0142a KK nr 21\/04<br \/>\n\tws. pomocy dla protestuj\u0105cej za\u0142ogi sp&oacute;\u0142ki EAST &#8211; WOOD w Dryga\u0142ach<\/b><\/u><\/p>\n<p>\n\tKomisja Krajowa NSZZ &quot;Solidarno\u015b\u0107&quot; wyra\u017ca pe\u0142ne poparcie dla prowadz\u0105cej akcj\u0119 protestacyjn\u0105 za\u0142ogi Sp&oacute;\u0142ki EAST &#8211; WOOD w Dryga\u0142ach w Regionie Warmi\u0144sko &#8211; Mazurskim domagaj\u0105cej si\u0119 wyp\u0142acenia zaleg\u0142ych wynagrodze\u0144.<br \/>\n\tW ramach akcji solidarno\u015bciowej zwracamy si\u0119 do wszystkich struktur Zwi\u0105zku o pomoc materialn\u0105 dla strajkuj\u0105cej za\u0142ogi i r&oacute;wnocze\u015bnie upowa\u017cniamy Prezydium KK do wyst\u0105pienia do Rady Krajowego Funduszu Strajkowego o udzielenie pomocy ze \u015brodk&oacute;w krajowych.<\/p>\n<p><\/p>\n","protected":false},"excerpt":{"rendered":"<p>Komunikat W dniu 16 czerwca 2004 r. w Gda\u0144sku odby\u0142o si\u0119 posiedzenie Komisji Krajowej NSZZ &quot;Solidarno\u015b\u0107&quot;, podczas kt&oacute;rego postanowiono, \u017ce centralne uroczysto\u015bci z okazji XXIV rocznicy wydarze\u0144 Sierpnia 1980 roku oraz powstania NSZZ &quot;Solidarno\u015b\u0107&quot; odb\u0119d\u0105 si\u0119 w dniach 29 &#8211; 30 sierpnia br. w Szczecinie. Przyj\u0119to tak\u017ce uchwa\u0142\u0119 ws. jubileuszowych uroczysto\u015bci z okazji XXV rocznicy [&hellip;]<\/p>\n","protected":false},"author":3,"featured_media":0,"comment_status":"closed","ping_status":"closed","sticky":false,"template":"","format":"standard","meta":{"footnotes":""},"categories":[3432,8],"tags":[],"class_list":["post-11524","post","type-post","status-publish","format-standard","hentry","category-2004kk","category-dokkk"],"_links":{"self":[{"href":"https:\/\/www.solidarnosc.org.pl\/dok\/wp-json\/wp\/v2\/posts\/11524","targetHints":{"allow":["GET"]}}],"collection":[{"href":"https:\/\/www.solidarnosc.org.pl\/dok\/wp-json\/wp\/v2\/posts"}],"about":[{"href":"https:\/\/www.solidarnosc.org.pl\/dok\/wp-json\/wp\/v2\/types\/post"}],"author":[{"embeddable":true,"href":"https:\/\/www.solidarnosc.org.pl\/dok\/wp-json\/wp\/v2\/users\/3"}],"replies":[{"embeddable":true,"href":"https:\/\/www.solidarnosc.org.pl\/dok\/wp-json\/wp\/v2\/comments?post=11524"}],"version-history":[{"count":0,"href":"https:\/\/www.solidarnosc.org.pl\/dok\/wp-json\/wp\/v2\/posts\/11524\/revisions"}],"wp:attachment":[{"href":"https:\/\/www.solidarnosc.org.pl\/dok\/wp-json\/wp\/v2\/media?parent=11524"}],"wp:term":[{"taxonomy":"category","embeddable":true,"href":"https:\/\/www.solidarnosc.org.pl\/dok\/wp-json\/wp\/v2\/categories?post=11524"},{"taxonomy":"post_tag","embeddable":true,"href":"https:\/\/www.solidarnosc.org.pl\/dok\/wp-json\/wp\/v2\/tags?post=11524"}],"curies":[{"name":"wp","href":"https:\/\/api.w.org\/{rel}","templated":true}]}}