{"id":11519,"date":"2004-01-12T23:00:00","date_gmt":"2004-01-12T22:00:00","guid":{"rendered":"https:\/\/www.solidarnosc.org.pl\/dok\/2004\/01\/12\/12-13-stycznia-2004-1-04\/"},"modified":"2004-01-12T23:00:00","modified_gmt":"2004-01-12T22:00:00","slug":"12-13-stycznia-2004-1-04","status":"publish","type":"post","link":"https:\/\/www.solidarnosc.org.pl\/dok\/2004\/01\/12\/12-13-stycznia-2004-1-04\/","title":{"rendered":"12-13 stycznia 2004 (1\/04)"},"content":{"rendered":"<p>\n\t<b>Komunikat<\/b><\/p>\n<p>\n\tW dniach 12-13 stycznia 2004 r. w Gda\u0144sku odby\u0142o si\u0119 posiedzenie Komisji Krajowej NSZZ &quot;Solidarno\u015b\u0107&quot;. W trakcie dwudniowych obrad przyj\u0119to stanowisko ws. tzw. programu Hausera oraz omawiano aktualn\u0105 sytuacj\u0119 na kolei i w innych bran\u017cach. Komisja Krajowa przyj\u0119\u0142a uchwa\u0142\u0119 o ustanowieniu roku 2004 Rokiem Ksi\u0119dza Jerzego Popie\u0142uszki. Du\u017c\u0105 cz\u0119\u015b\u0107 obrad po\u015bwi\u0119cono integracji z Uni\u0105 Europejsk\u0105.<\/p>\n<p>\n\tPrzebieg grudniowych protest&oacute;w i bie\u017c\u0105c\u0105 sytuacj\u0119 na kolei relacjonowa\u0142 cz\u0142onkom KK przewodnicz\u0105cy Sekcji Krajowej Kolejarzy Stanis\u0142aw Kogut. Stwierdzi\u0142 on, \u017ce je\u015bli Parlament nie uchwali zapisanych w projekcie bud\u017cetu pa\u0144stwa na ten rok 550 mln z\u0142 dotacji dla kolei, to strajk generalny jest nieunikniony. Kolejarze nie zgadzaj\u0105 si\u0119 na proponowane przez rz\u0105d przej\u0119cie odpowiedzialno\u015bci za przewozy regionalne przez samorz\u0105dy. Ich zdaniem doprowadzi to do likwidacji przynajmniej 2\/3 istniej\u0105cych obecnie po\u0142\u0105cze\u0144 regionalnych. W drugim dniu obrad KK r&oacute;wnolegle w Warszawie odby\u0142a si\u0119 przed budynkiem Senatu kilkunastotysi\u0119czna manifestacja kolejarskich zwi\u0105zk&oacute;w zawodowych.<\/p>\n<p>\n\tW trakcie omawiania sytuacji w innych bran\u017cach Stanis\u0142aw Szuka\u0142a, przewodnicz\u0105cy Zarz\u0105du Regionu S\u0142upskiego zwr&oacute;ci\u0142 si\u0119 do szef&oacute;w region&oacute;w dolno\u015bl\u0105skiego i \u015bl\u0105sko-d\u0105browskiego o pomoc w zorganizowaniu pikiet przed sklepami sieci Kaufland, gdzie pracodawca utrudnia prowadzenie dzia\u0142alno\u015bci zwi\u0105zkowej.<\/p>\n<p>\n\tKomisja Krajowa NSZZ &quot;Solidarno\u015b\u0107&quot; skrytykowa\u0142a plan oszcz\u0119dno\u015bci bud\u017cetowych przygotowany przez wicepremiera Jerzego Hausnera. W przyj\u0119tym podczas posiedzenia stanowisku KK stwierdza, \u017ce wszelkie proponowane przez rz\u0105d programy nie stanowi\u0105 sp&oacute;jnej ca\u0142o\u015bci, a co gorsza nie uwzgl\u0119dniaj\u0105 koszt&oacute;w spo\u0142ecznych. NSZZ &quot;Solidarno\u015b\u0107&quot; nie zgadza si\u0119 na: likwidacj\u0119 zasi\u0142k&oacute;w i \u015bwiadcze\u0144 przedemerytalnych, likwidacj\u0119 PFRON i sytemu rehabilitacji os&oacute;b niepe\u0142nosprawnych, wyd\u0142u\u017cenie wieku emerytalnego kobiet oraz obni\u017cenie wysoko\u015bci zasi\u0142k&oacute;w chorobowych. Nie do przyj\u0119cia jest tak\u017ce propozycja weryfikacji rent przy jednoczesnym braku woli ograniczenia przywilej&oacute;w emerytalnych by\u0142ych funkcjonariuszy aparatu partyjnego i s\u0142u\u017cb specjalnych, kt&oacute;rzy nie p\u0142acili sk\u0142adek na Fundusz Ubezpiecze\u0144 Spo\u0142ecznych. Zwi\u0105zek negatywnie ocenia r&oacute;wnie\u017c podejmowane przez rz\u0105d Leszka Millera pr&oacute;by pozbawienia emeryt&oacute;w i rencist&oacute;w ju\u017c w tym roku waloryzacji \u015bwiadcze\u0144. Kieruj\u0105c nowelizacj\u0119 ustawy o \u015bwiadczeniach z FUS do parlamentu rz\u0105d \u0142amie porozumienie zawarte w Komisji Tr&oacute;jstronnej w grudniu 2002 r. Komisja Krajowa stwierdzi\u0142a te\u017c, \u017ce dotychczasowe pr&oacute;by uporz\u0105dkowania systemu podatkowego przynosz\u0105 korzy\u015bci dla os&oacute;b i podmiot&oacute;w gospodarczych uzyskuj\u0105cych wysokie dochody. Reszta podatnik&oacute;w b\u0119dzie p\u0142aci\u0142a wy\u017csze podatki z powodu likwidacji ulg i zwolnie\u0144 podatkowych. Nie b\u0119dzie te\u017c zgody zwi\u0105zku na ograniczanie wydatk&oacute;w na sfer\u0119 socjaln\u0105.<\/p>\n<p>\n\tKomisja Krajowa przyj\u0119\u0142a uchwa\u0142\u0119 w sprawie ustanowienia roku 2004 Rokiem Ksi\u0119dza Jerzego Popie\u0142uszki: <em>&quot;Niech ten czas, w kt&oacute;rym prze\u017cywa\u0107 b\u0119dziemy XX rocznic\u0119 Jego m\u0119cze\u0144skiej \u015bmierci, stanie si\u0119 dla nas okresem szczeg&oacute;lnej refleksji i powrotu do warto\u015bci, o kt&oacute;rych naucza\u0142 kapelan Solidarno\u015bci&quot;.<\/em><\/p>\n<p>\n\tDu\u017ca cz\u0119\u015b\u0107 obrad po\u015bwi\u0119cona by\u0142a integracji z Uni\u0105 Europejsk\u0105. Go\u015b\u0107mi KK byli J&oacute;zef Niemiec, sekretarz konfederalny Europejskiej Konfederacji Zwi\u0105zk&oacute;w Zawodowych oraz Jaros\u0142aw Pietras, podsekretarz stanu w Urz\u0119dzie Komitetu Integracji Europejskiej.<\/p>\n<p>\n\tSkarbnik Komisji Krajowej Stefan Kubowicz przedstawi\u0142 projekt bud\u017cetu KK na rok 2004.<\/p>\n<ul>\n<li>\n<p class=\"podpis\">\n\t\t\tDariusz Wasielewski &#8211; rzecznik prasowy KK<\/p>\n<\/li>\n<\/ul>\n<p>\n\t<u><b>Uchwa\u0142a KK nr 1\/04<br \/>\n\tws. Roku Ksi\u0119dza Jerzego Popie\u0142uszki <\/b><\/u><\/p>\n<p>\n\tKomisja Krajowa NSZZ &quot;Solidarno\u015b\u0107&quot; og\u0142asza rok 2004 Rokiem Ksi\u0119dza Jerzego Popie\u0142uszki. Niech ten czas, w kt&oacute;rym prze\u017cywa\u0107 b\u0119dziemy XX rocznic\u0119 Jego m\u0119cze\u0144skiej \u015bmierci, stanie si\u0119 dla nas okresem szczeg&oacute;lnej refleksji i powrotu do warto\u015bci, o kt&oacute;rych naucza\u0142 nas kapelan &quot;Solidarno\u015bci&quot;.<\/p>\n<p>\n\tNiech wszystkie nasze dzia\u0142ania, kt&oacute;re podejmowa\u0107 b\u0119dziemy w czasach tak trudnych dla \u015bwiata pracy, oparte b\u0119d\u0105 na apostolskim wezwaniu S\u0142ugi Bo\u017cego Ksi\u0119dza Jerzego <em>Z\u0142o dobrem zwyci\u0119\u017caj<\/em>.<\/p>\n<p>\n\t<b>Stanowisko KK nr 1\/04<br \/>\n\tws. tzw. programu Hausnera<\/b><\/p>\n<p>\n\tKomisja Krajowa NSZZ &quot;Solidarno\u015b\u0107&quot; stwierdza, \u017ce &#8211; pomimo wielu obietnic &#8211; rz\u0105d nadal nie przedstawi\u0142 sp&oacute;jnej polityki spo\u0142eczno &#8211; gospodarczej. Nie podejmuj\u0105c dzia\u0142a\u0144 na rzecz wzrostu zatrudnienia i prowadz\u0105c polityk\u0119 niskich p\u0142ac, rz\u0105d przyczynia si\u0119 do utrzymywania dochod&oacute;w ludno\u015bci na niskim poziomie. Sta\u0142y wzrost koszt&oacute;w utrzymania r&oacute;wnolegle ze spadkiem dochod&oacute;w realnych (brak waloryzacji emerytur i rent, zamro\u017cenie prog&oacute;w podatkowych) powoduje dalsze ubo\u017cenie spo\u0142ecze\u0144stwa. Oznacza to wzrost zapotrzebowania na r&oacute;\u017cnego typu \u015bwiadczenia spo\u0142eczne.<\/p>\n<p>\n\tNowe rozwi\u0105zania podatkowe rodz\u0105 sprzeczny z konstytucyjn\u0105 zasad\u0105 r&oacute;wno\u015bci obywateli i podmiot&oacute;w gospodarczych podzia\u0142 na nier&oacute;wnoprawne kategorie, faworyzuj\u0105cy grupy o wysokich dochodach. Osi\u0105gni\u0119cie nawet bardzo wysokiego wzrostu gospodarczego nie stanie si\u0119 gwarantem wzrostu zatrudnienia, o ile rz\u0105d we wsp&oacute;\u0142pracy z partnerami rynku pracy nie wypracuje ca\u0142o\u015bciowej narodowej strategii rozwoju gospodarczego &#8211; proinwestycyjnej, proedukacyjnej, proeksportowej, a w rezultacie &#8211; prozatrudnieniowej.<\/p>\n<p>\n\tDop&oacute;ki Polacy nie b\u0119d\u0105 mieli pracy i nie b\u0119d\u0105 godziwie zarabia\u0107, \u017cadne metody socjalnego wsparcia nie b\u0119d\u0105 skuteczne i nie b\u0119dzie zgody NSZZ &quot;Solidarno\u015b\u0107&quot; na ograniczanie wydatk&oacute;w na sfer\u0119 socjaln\u0105.<\/p>\n<p>\n\tWobec rozwi\u0105za\u0144 prezentowanych przez rz\u0105d, m.in. w &quot;Zielonej Ksi\u0119dze&quot;, czyli raporcie &quot;Racjonalizacja wydatk&oacute;w spo\u0142ecznych&quot; Komisja Krajowa stwierdza:<\/p>\n<ol>\n<li>\n\t\tWszelkie pojawiaj\u0105ce si\u0119 ze strony rz\u0105du programy nie tworz\u0105 sp&oacute;jnej ca\u0142o\u015bci i opracowywane s\u0105 bez uwzgl\u0119dnienia koszt&oacute;w spo\u0142ecznych ich realizacji, a za\u0142o\u017cenia do nich nie stanowi\u0105 wzajemnie uzupe\u0142niaj\u0105cych si\u0119 cz\u0119\u015bci.<\/li>\n<li>\n\t\tBrak oszacowania potrzeb zwi\u0105zanych z restrukturyzacj\u0105 poszczeg&oacute;lnych bran\u017c (PKP, g&oacute;rnictwa, hutnictwa, s\u0142u\u017cby zdrowia, przemys\u0142u chemicznego, zbrojeniowego i innych) oraz \u017ar&oacute;de\u0142 finansowania stwarza wra\u017cenie, \u017ce te operacje nie s\u0105 odpowiednio przygotowane, zw\u0142aszcza w cz\u0119\u015bci os\u0142onowej. Nie do przyj\u0119cia s\u0105 dzia\u0142ania rz\u0105du prowadz\u0105ce do likwidacji zasi\u0142k&oacute;w i \u015bwiadcze\u0144 przedemerytalnych przy jednoczesnym braku \u015brodk&oacute;w na inwestycje centralne, roboty publiczne, prace interwencyjne, szkolenia pracownik&oacute;w, subsydiowane miejsca pracy (zw\u0142aszcza w us\u0142ugach, kt&oacute;re powinny przyci\u0105ga\u0107 osoby trac\u0105ce prac\u0119 w innych sektorach) oraz na pomoc dla powiat&oacute;w szczeg&oacute;lnie zagro\u017conych wysokim bezrobociem strukturalnym i degradacj\u0105 przemys\u0142ow\u0105.<\/li>\n<li>\n\t\tRzekoma pr&oacute;ba uproszczenia systemu podatkowego, w rzeczywisto\u015bci prowadz\u0105ca do rozwi\u0105za\u0144 korzystnych dla os&oacute;b i podmiot&oacute;w gospodarczych o wysokich dochodach, doprowadzi\u0142a do likwidacji ulg i zwolnie\u0144 podatkowych. Ograniczy to spo\u0142eczne wsparcie dla pozarz\u0105dowych inicjatyw charytatywnych, proedukacyjnych, prozdrowotnych pozbawionych odpowiedniego finansowania z bud\u017cetu.<br \/>\n\t\tNadal brak jest rozwi\u0105za\u0144 ograniczaj\u0105cych &quot;szar\u0105 stref\u0119&quot;, co wi\u0119cej, w ramach restrukturyzacji finans&oacute;w publicznych wprowadza si\u0119 rozwi\u0105zania mog\u0105ce przyczyni\u0107 si\u0119 do jej rozwoju (np. likwidacja ulgi budowlanej).<\/li>\n<li>\n\t\tNa negatywn\u0105 ocen\u0119 zas\u0142uguje propozycja zmiany sposobu waloryzacji emerytur i rent, kt&oacute;ra pozbawia emeryt&oacute;w i rencist&oacute;w udzia\u0142u we wzro\u015bcie gospodarczym kraju oraz obni\u017ca ich dochody przez op&oacute;\u017anianie waloryzacji \u015bwiadcze\u0144 w sytuacji, gdy minimalne \u015bwiadczenie emerytalne i rentowe nie zapewniaj\u0105 godziwych warunk&oacute;w \u017cycia.<\/li>\n<li>\n\t\tNie do przyj\u0119cia jest propozycja weryfikacji rent przy jednoczesnym braku woli weryfikacji \u015bwiadcze\u0144 by\u0142ych funkcjonariuszy aparatu partyjnego i s\u0142u\u017cb specjalnych, kt&oacute;rzy nie p\u0142acili sk\u0142adek na Fundusz Ubezpiecze\u0144 Spo\u0142ecznych.<\/li>\n<li>\n\t\tWprowadzenie w \u017cycie ustawy o ubezpieczeniu w Narodowym Funduszu Zdrowia oraz projektu przekszta\u0142cenia plac&oacute;wek s\u0142u\u017cby zdrowia w sp&oacute;\u0142ki prawa handlowego (co grozi nieuchronn\u0105 likwidacj\u0105 wielu szpitali) doprowadz\u0105 do sytuacji zagro\u017cenia bezpiecze\u0144stwa zdrowotnego Polak&oacute;w i destrukcji systemu.<\/li>\n<li>\n\t\tNieuzasadniony jest projekt obni\u017cenia wysoko\u015bci zasi\u0142k&oacute;w chorobowych wobec faktu, \u017ce sk\u0142adki na ten cel op\u0142acaj\u0105 wy\u0142\u0105cznie pracownicy, a Fundusz pozwala na pokrycie wydatk&oacute;w i zapewnienie niezb\u0119dnej rezerwy.<\/li>\n<li>\n\t\tPlanowana racjonalizacja wydatk&oacute;w doprowadzi do upadku systemu rehabilitacji os&oacute;b niepe\u0142nosprawnych, za\u015b koszty spo\u0142eczne, jakie poniesie \u015brodowisko os&oacute;b niepe\u0142nosprawnych i ich rodzin b\u0119d\u0105 niewsp&oacute;\u0142mierne do oszcz\u0119dno\u015bci. Zaprezentowane programy s\u0105 analiz\u0105 finansow\u0105 przeprowadzon\u0105 bez podstawowej znajomo\u015bci zagadnie\u0144 z zakresu rehabilitacji spo\u0142ecznej i zawodowej os&oacute;b niepe\u0142nosprawnych, a za\u0142o\u017cenie \u017ce zwi\u0119kszone zostanie zatrudnienie os&oacute;b niepe\u0142nosprawnych po wymuszonym przej\u015bciu na otwarty rynek pracy przy jednoczesnym zmniejszeniu wydatk&oacute;w na wspieranie zatrudnienia tych os&oacute;b jest sprzeczne z dotychczasowym do\u015bwiadczeniem. Mimo dofinansowania dla pracodawc&oacute;w zatrudniaj\u0105cych osoby niepe\u0142nosprawne, wi\u0119kszo\u015b\u0107 pracodawc&oacute;w nadal woli p\u0142aci\u0107 sk\u0142adki na PFRON ni\u017c zatrudni\u0107 osob\u0119 niepe\u0142nosprawn\u0105.<\/li>\n<li>\n\t\tNie do zaakceptowania jest kolejna pr&oacute;ba likwidacji PFRON. Jego istnienie jest gwarantem, \u017ce \u015brodki finansowe wp\u0142acane przez pracodawc&oacute;w niespe\u0142niaj\u0105cych ustawowego obowi\u0105zku zatrudniania os&oacute;b niepe\u0142nosprawnych nie zostan\u0105 przeznaczone na inny cel, w zale\u017cno\u015bci od dora\u017anych potrzeb bud\u017cetu.<\/li>\n<li>\n\t\tSprzeciw budzi pomys\u0142 obni\u017cenia koszt&oacute;w zatrudnienia os&oacute;b niepe\u0142nosprawnych polegaj\u0105cy na zniesieniu uprawnie\u0144 dotycz\u0105cych ich czasu pracy (kr&oacute;tszy czas pracy, dodatkowa przerwa na gimnastyk\u0119, dodatkowy urlop wypoczynkowy).<\/li>\n<li>\n\t\tPowszechne wyd\u0142u\u017cenie wieku emerytalnego kobiet wobec braku miejsc pracy i malej\u0105cych szans na uzyskanie zasi\u0142k&oacute;w lub \u015bwiadcze\u0144 przedemerytalnych jest nie do przyj\u0119cia.<\/li>\n<li>\n\t\tNie do przyj\u0119cia jest uzale\u017cnienie wyp\u0142at rent wdowich od osi\u0105gni\u0119cia wieku emerytalnego.<\/li>\n<li>\n\t\tBrak jest dzia\u0142a\u0144 reguluj\u0105cych ustawowe i finansowe uprawnienia do obni\u017conego wieku emerytalnego os&oacute;b zatrudnionych w szczeg&oacute;lnych warunkach lub w szczeg&oacute;lnym charakterze, wed\u0142ug propozycji zg\u0142oszonych przez stron\u0119 zwi\u0105zkow\u0105 w trakcie negocjacji z przedstawicielami rz\u0105du w latach ubieg\u0142ych.<\/li>\n<li>\n\t\tBrakuje analiz mo\u017cliwo\u015bci pe\u0142nej absorpcji \u015brodk&oacute;w unijnych oraz wp\u0142ywu tych \u015brodk&oacute;w na rozw&oacute;j gospodarczy. Brak r&oacute;wnie\u017c przygotowanej profesjonalnie administracji do wykonywania tego zadania.<\/li>\n<li>\n\t\tNa gruncie statystyki trudno udowodni\u0107, \u017ce Polska ma bardzo wysokie wydatki socjalne. Brak jest komplementarnego systemu informatycznego w obszarze rynku pracy i pomocy spo\u0142ecznej. Oznacza to brak podstaw do podejmowania w\u0142a\u015bciwych decyzji.<\/li>\n<\/ol>\n<p>\n\tKomisja Krajowa NSZZ &quot;Solidarno\u015b\u0107&quot; sprzeciwia si\u0119 przyj\u0119ciu i wprowadzeniu w \u017cycie tzw. programu Hausnera.<\/p>\n<p><\/p>\n","protected":false},"excerpt":{"rendered":"<p>Komunikat W dniach 12-13 stycznia 2004 r. w Gda\u0144sku odby\u0142o si\u0119 posiedzenie Komisji Krajowej NSZZ &quot;Solidarno\u015b\u0107&quot;. W trakcie dwudniowych obrad przyj\u0119to stanowisko ws. tzw. programu Hausera oraz omawiano aktualn\u0105 sytuacj\u0119 na kolei i w innych bran\u017cach. Komisja Krajowa przyj\u0119\u0142a uchwa\u0142\u0119 o ustanowieniu roku 2004 Rokiem Ksi\u0119dza Jerzego Popie\u0142uszki. Du\u017c\u0105 cz\u0119\u015b\u0107 obrad po\u015bwi\u0119cono integracji z Uni\u0105 [&hellip;]<\/p>\n","protected":false},"author":3,"featured_media":0,"comment_status":"closed","ping_status":"closed","sticky":false,"template":"","format":"standard","meta":{"footnotes":""},"categories":[3432,8],"tags":[],"class_list":["post-11519","post","type-post","status-publish","format-standard","hentry","category-2004kk","category-dokkk"],"_links":{"self":[{"href":"https:\/\/www.solidarnosc.org.pl\/dok\/wp-json\/wp\/v2\/posts\/11519","targetHints":{"allow":["GET"]}}],"collection":[{"href":"https:\/\/www.solidarnosc.org.pl\/dok\/wp-json\/wp\/v2\/posts"}],"about":[{"href":"https:\/\/www.solidarnosc.org.pl\/dok\/wp-json\/wp\/v2\/types\/post"}],"author":[{"embeddable":true,"href":"https:\/\/www.solidarnosc.org.pl\/dok\/wp-json\/wp\/v2\/users\/3"}],"replies":[{"embeddable":true,"href":"https:\/\/www.solidarnosc.org.pl\/dok\/wp-json\/wp\/v2\/comments?post=11519"}],"version-history":[{"count":0,"href":"https:\/\/www.solidarnosc.org.pl\/dok\/wp-json\/wp\/v2\/posts\/11519\/revisions"}],"wp:attachment":[{"href":"https:\/\/www.solidarnosc.org.pl\/dok\/wp-json\/wp\/v2\/media?parent=11519"}],"wp:term":[{"taxonomy":"category","embeddable":true,"href":"https:\/\/www.solidarnosc.org.pl\/dok\/wp-json\/wp\/v2\/categories?post=11519"},{"taxonomy":"post_tag","embeddable":true,"href":"https:\/\/www.solidarnosc.org.pl\/dok\/wp-json\/wp\/v2\/tags?post=11519"}],"curies":[{"name":"wp","href":"https:\/\/api.w.org\/{rel}","templated":true}]}}