{"id":11502,"date":"2002-08-29T22:00:00","date_gmt":"2002-08-29T20:00:00","guid":{"rendered":"https:\/\/www.solidarnosc.org.pl\/dok\/2002\/08\/29\/30-sierpnia-2002\/"},"modified":"2002-08-29T22:00:00","modified_gmt":"2002-08-29T20:00:00","slug":"30-sierpnia-2002","status":"publish","type":"post","link":"https:\/\/www.solidarnosc.org.pl\/dok\/2002\/08\/29\/30-sierpnia-2002\/","title":{"rendered":"30 sierpnia 2002"},"content":{"rendered":"<p>\n\t<b>Stanowisko KK nr 59\/02 ws. praw pracowniczych&nbsp; w XXII rocznic\u0119 Porozumie\u0144 Sierpniowych<\/b><\/p>\n<p>\n\tKomisja Krajowa NSZZ &bdquo;Solidarno\u015b\u0107&rdquo;, zebrana na posiedzeniu w Lubinie, w dniu XXII rocznicy Porozumie\u0144 Sierpniowych stwierdza, \u017ce w ostatnim czasie nasili\u0142y si\u0119 w Polsce dzia\u0142ania zmierzaj\u0105ce do ograniczenia praw pracowniczych i pomniejszenia roli zwi\u0105zk&oacute;w zawodowych w systemie pa\u0144stwa demokratycznego i gospodarki rynkowej.<br \/>\n\tStrony podejmuj\u0105ce te dzia\u0142ania, g\u0142&oacute;wnie lewicowa koalicja rz\u0105dz\u0105ca i wi\u0119kszo\u015b\u0107 parlamentarna, Prezydent RP, liberalne partie polityczne oraz zwi\u0105zki pracodawc&oacute;w, pod has\u0142em tzw. liberalizacji rynku pracy z premedytacj\u0105 ograniczaj\u0105 prawa pracownicze i uprawnienia organizacji ich reprezentuj\u0105cych.<br \/>\n\tPrzejawia si\u0119 to w nast\u0119puj\u0105cych dzia\u0142aniach :<br \/>\n\t&nbsp;&#8211; narzucaniu zmian w Kodeksie pracy nieuzgodnionych w dialogu partner&oacute;w spo\u0142ecznych,<br \/>\n\t&nbsp;&#8211;&nbsp; stosowaniu zatrudniania pozakodeksowego,<br \/>\n\t&nbsp;&#8211; wyrzucaniu z pracy dzia\u0142aczy zwi\u0105zkowych i pracownik&oacute;w nale\u017c\u0105cych do zwi\u0105zk&oacute;w zawodowych,&nbsp;<br \/>\n\t&#8211;&nbsp; nagminnym niep\u0142aceniu pracownikom nale\u017cnych wynagrodze\u0144 za prac\u0119, nierzadko w sytuacji, w kt&oacute;rej pracodawc\u0119 sta\u0107 na op\u0142acanie kosztownego zarz\u0105dzania firm\u0105.<br \/>\n\tTym dzia\u0142aniom towarzyszy, szczeg&oacute;lnie ze strony rz\u0105du, fa\u0142szywa propaganda, \u017ce wprowadzane s\u0105 one w celu zwi\u0119kszania liczby miejsc pracy. W ten spos&oacute;b konfrontuje si\u0119 pracownik&oacute;w oraz bezrobotnych i pr&oacute;buje usprawiedliwi\u0107 stosowanie swoistego szanta\u017cu &ndash; chcesz pracowa\u0107, to zg&oacute;d\u017a si\u0119 na ograniczanie praw pracowniczych, zrezygnuj z zasad stanowi\u0105cych o godno\u015bci ludzi pracy!<br \/>\n\t&nbsp;Wobec nasilenia si\u0119 tych patologicznych zjawisk przypominamy, \u017ce nasz Zwi\u0105zek nigdy nie zgodzi si\u0119 na ich umacnianie si\u0119 w polskiej rzeczywisto\u015bci i podejmie w tym celu wszystkie mo\u017cliwe dzia\u0142ania statutowe.<br \/>\n\tStanowisko NSZZ &bdquo;Solidarno\u015b\u0107&rdquo; dotycz\u0105ce tych spo\u0142ecznie szkodliwych zjawisk budujemy w oparciu o Statut Zwi\u0105zku i spo\u0142eczne nauczanie Jana Paw\u0142a II odnosz\u0105ce si\u0119 do kwestii godno\u015bci pracy i podmiotowo\u015bci cz\u0142owieka.<br \/>\n\t&nbsp;W XXII rocznic\u0119 porozumie\u0144 sierpniowych Komisja Krajowa apeluje do innych central&nbsp; zwi\u0105zk&oacute;w zawodowych i zwi\u0105zk&oacute;w pracodawc&oacute;w szanuj\u0105cych prawa pracownicze o wsp&oacute;lne przeciwstawienie si\u0119 wszelkim dzia\u0142aniom uderzaj\u0105cym w godno\u015b\u0107 ludzi pracy.<\/p>\n<p>\n\t<b>Stanowisko KK nr 60\/02 ws. rocznicy Sierpnia 1980<\/b><\/p>\n<p>\n\tKomisja Krajowa NSZZ &bdquo;Solidarno\u015b\u0107&rdquo;,&nbsp; zebrana na posiedzeniu w Lubinie w przededniu XXII rocznicy podpisania Porozumie\u0144 Sierpniowych, oddaje ho\u0142d wszystkim Ludziom Solidarno\u015bci, kt&oacute;rzy tamtego Sierpnia mieli odwag\u0119 upomnie\u0107 si\u0119 o prawdo do wolno\u015bci i godno\u015bci pracy.<br \/>\n\tNSZZ &bdquo;Solidarno\u015b\u0107&rdquo; powsta\u0142 jako zorganizowany ruch zwi\u0105zkowy dzi\u0119ki temu, \u017ce dali\u015bmy si\u0119 porwa\u0107 g\u0142\u0119bokiemu znaczeniu tego s\u0142owa i warto\u015bciom, kt&oacute;re s\u0105 w nim zawarte. One da\u0142y si\u0142y i nadziej\u0119 na spe\u0142nienie naszych oczekiwa\u0144 i marze\u0144 o niepodleg\u0142ej Polsce. Wzmacniani przez wszystkie lata istnienia NSZZ &bdquo;Solidarno\u015b\u0107&rdquo; nauczaniem i wsparciem Ojca \u015awi\u0119tego&nbsp; Jana Paw\u0142a II pozostaniemy wierni wskazaniom &bdquo;jedni drugich brzemiona no\u015bcie&rdquo;.<\/p>\n<p>\n\t<b>Stanowisko KK nr&nbsp; 61\/02 ws. Wydarze\u0144 Lubi\u0144skich &#039;82 r.<\/b><\/p>\n<p>\n\tW przeddzie\u0144 XX rocznicy tragicznych Wydarze\u0144 Lubi\u0144skich Komisja Krajowa NSZZ &bdquo;Solidarno\u015b\u0107&rdquo; sk\u0142ada ho\u0142d zastrzelonym i rannym uczestnikom tamtych wydarze\u0144. Za prawo do wolno\u015bci i godnego \u017cycia, za prawo do zrzeszania si\u0119 w NSZZ &bdquo;Solidarno\u015b\u0107&rdquo; zgin\u0119li w Lubinie nasi Koledzy: Micha\u0142 Adamowicz, Mieczys\u0142aw Po\u017aniak i Andrzej Trajkowski.<br \/>\n\t31 sierpnia 1982 roku mieszka\u0144cy Lubina oraz pracownicy zak\u0142ad&oacute;w pracy Zag\u0142\u0119bia Miedziowego zgromadzili si\u0119 w II rocznic\u0119 podpisania Porozumie\u0144 Sierpniowych, aby zaprotestowa\u0107 przeciwko trwaj\u0105cemu stanowi wojennemu&nbsp; oraz domaga\u0107 si\u0119 uwolnienia uwi\u0119zionych cz\u0142onk&oacute;w NSZZ &bdquo;Solidarno\u015b\u0107&rdquo;. Przeciwko pokojowej manifestacji komunistyczne w\u0142adze wys\u0142a\u0142y oddzia\u0142y milicji, kt&oacute;re u\u017cy\u0142y wobec protestuj\u0105cych ostrej amunicji i gaz&oacute;w \u0142zawi\u0105cych. By\u0142y ofiary \u015bmiertelne, wiele os&oacute;b zosta\u0142o rannych.<br \/>\n\tNSZZ &bdquo;Solidarno\u015b\u0107&rdquo; wyra\u017ca jednocze\u015bnie oburzenie z powodu nieukarania sprawc&oacute;w tego mordu i ich politycznych mocodawc&oacute;w. Min\u0119\u0142o 20 lat, a polski wymiar sprawiedliwo\u015bci wci\u0105\u017c jest bezsilny wobec tych, kt&oacute;rzy dopu\u015bcili si\u0119 zbrodni na niewinnych uczestnikach pokojowej manifestacji. \u017b\u0105damy, aby sprawcy mordu i ich poplecznicy, dzi\u0119ki kt&oacute;rym czuli si\u0119 bezkarni, stan\u0119li przed s\u0105dem i zostali surowo ukarani.<\/p>\n<p>\t<b>UCHWA\u0141A KK nr 116\/02 ws. zgody na pikiet\u0119<\/b><\/p>\n<p>\n\tNa wniosek Prezydium Komisji Krajowej NSZZ &bdquo;Solidarno\u015b\u0107&rdquo;, zgodnie z wymogiem par. 8 pkt 5 regulaminu Krajowego Funduszu Strajkowego, Komisja Krajowa wyra\u017ca zgod\u0119 na zorganizowanie og&oacute;lnopolskiej pikiety pod Senatem RP dnia 6 sierpnia 2002 r.<\/p>\n<p>\n\t&nbsp;<\/p>\n<p><\/p>\n","protected":false},"excerpt":{"rendered":"<p>Stanowisko KK nr 59\/02 ws. praw pracowniczych&nbsp; w XXII rocznic\u0119 Porozumie\u0144 Sierpniowych Komisja Krajowa NSZZ &bdquo;Solidarno\u015b\u0107&rdquo;, zebrana na posiedzeniu w Lubinie, w dniu XXII rocznicy Porozumie\u0144 Sierpniowych stwierdza, \u017ce w ostatnim czasie nasili\u0142y si\u0119 w Polsce dzia\u0142ania zmierzaj\u0105ce do ograniczenia praw pracowniczych i pomniejszenia roli zwi\u0105zk&oacute;w zawodowych w systemie pa\u0144stwa demokratycznego i gospodarki rynkowej. Strony [&hellip;]<\/p>\n","protected":false},"author":3,"featured_media":0,"comment_status":"closed","ping_status":"closed","sticky":false,"template":"","format":"standard","meta":{"footnotes":""},"categories":[3430,8],"tags":[],"class_list":["post-11502","post","type-post","status-publish","format-standard","hentry","category-2002kk","category-dokkk"],"_links":{"self":[{"href":"https:\/\/www.solidarnosc.org.pl\/dok\/wp-json\/wp\/v2\/posts\/11502","targetHints":{"allow":["GET"]}}],"collection":[{"href":"https:\/\/www.solidarnosc.org.pl\/dok\/wp-json\/wp\/v2\/posts"}],"about":[{"href":"https:\/\/www.solidarnosc.org.pl\/dok\/wp-json\/wp\/v2\/types\/post"}],"author":[{"embeddable":true,"href":"https:\/\/www.solidarnosc.org.pl\/dok\/wp-json\/wp\/v2\/users\/3"}],"replies":[{"embeddable":true,"href":"https:\/\/www.solidarnosc.org.pl\/dok\/wp-json\/wp\/v2\/comments?post=11502"}],"version-history":[{"count":0,"href":"https:\/\/www.solidarnosc.org.pl\/dok\/wp-json\/wp\/v2\/posts\/11502\/revisions"}],"wp:attachment":[{"href":"https:\/\/www.solidarnosc.org.pl\/dok\/wp-json\/wp\/v2\/media?parent=11502"}],"wp:term":[{"taxonomy":"category","embeddable":true,"href":"https:\/\/www.solidarnosc.org.pl\/dok\/wp-json\/wp\/v2\/categories?post=11502"},{"taxonomy":"post_tag","embeddable":true,"href":"https:\/\/www.solidarnosc.org.pl\/dok\/wp-json\/wp\/v2\/tags?post=11502"}],"curies":[{"name":"wp","href":"https:\/\/api.w.org\/{rel}","templated":true}]}}