{"id":11489,"date":"2001-10-23T22:00:00","date_gmt":"2001-10-23T20:00:00","guid":{"rendered":"https:\/\/www.solidarnosc.org.pl\/dok\/2001\/10\/23\/24-pazdziernika-2001\/"},"modified":"2001-10-23T22:00:00","modified_gmt":"2001-10-23T20:00:00","slug":"24-pazdziernika-2001","status":"publish","type":"post","link":"https:\/\/www.solidarnosc.org.pl\/dok\/2001\/10\/23\/24-pazdziernika-2001\/","title":{"rendered":"24 pa\u017adziernika 2001"},"content":{"rendered":"<p>\n\t<b>Stanowisko KK Nr 39\/2001 ws. projektu statutu<\/b><\/p>\n<p>\n\tKomisja Krajowa NSZZ &bdquo;Solidarno\u015b\u0107&rdquo; ocenia, \u017ce przygotowany na XIV KZD projekt statutu na obecnym etapie uzgodnie\u0144 nie powinien by\u0107 poddawany pod g\u0142osowania stanowi\u0105ce.<br \/>\n\tUznajemy za konieczne odbycie nad tym projektem zasadniczej dyskusji na Zje\u017adzie Krajowym oraz ponowne przeprowadzenie konsultacji ze strukturami Zwi\u0105zku.<br \/>\n\tZwracamy si\u0119 do Komisji Statutowej o zaproponowanie sposobu tej konsultacji, umo\u017cliwiaj\u0105cego zako\u0144czenie prac nad statutem przed kolejnym Zjazdem Krajowym.<br \/>\n\t&nbsp;<\/p>\n<p><\/p>\n","protected":false},"excerpt":{"rendered":"<p>Stanowisko KK Nr 39\/2001 ws. projektu statutu Komisja Krajowa NSZZ &bdquo;Solidarno\u015b\u0107&rdquo; ocenia, \u017ce przygotowany na XIV KZD projekt statutu na obecnym etapie uzgodnie\u0144 nie powinien by\u0107 poddawany pod g\u0142osowania stanowi\u0105ce. Uznajemy za konieczne odbycie nad tym projektem zasadniczej dyskusji na Zje\u017adzie Krajowym oraz ponowne przeprowadzenie konsultacji ze strukturami Zwi\u0105zku. Zwracamy si\u0119 do Komisji Statutowej o [&hellip;]<\/p>\n","protected":false},"author":3,"featured_media":0,"comment_status":"closed","ping_status":"closed","sticky":false,"template":"","format":"standard","meta":{"footnotes":""},"categories":[3429,8],"tags":[],"class_list":["post-11489","post","type-post","status-publish","format-standard","hentry","category-2001kk","category-dokkk"],"_links":{"self":[{"href":"https:\/\/www.solidarnosc.org.pl\/dok\/wp-json\/wp\/v2\/posts\/11489","targetHints":{"allow":["GET"]}}],"collection":[{"href":"https:\/\/www.solidarnosc.org.pl\/dok\/wp-json\/wp\/v2\/posts"}],"about":[{"href":"https:\/\/www.solidarnosc.org.pl\/dok\/wp-json\/wp\/v2\/types\/post"}],"author":[{"embeddable":true,"href":"https:\/\/www.solidarnosc.org.pl\/dok\/wp-json\/wp\/v2\/users\/3"}],"replies":[{"embeddable":true,"href":"https:\/\/www.solidarnosc.org.pl\/dok\/wp-json\/wp\/v2\/comments?post=11489"}],"version-history":[{"count":0,"href":"https:\/\/www.solidarnosc.org.pl\/dok\/wp-json\/wp\/v2\/posts\/11489\/revisions"}],"wp:attachment":[{"href":"https:\/\/www.solidarnosc.org.pl\/dok\/wp-json\/wp\/v2\/media?parent=11489"}],"wp:term":[{"taxonomy":"category","embeddable":true,"href":"https:\/\/www.solidarnosc.org.pl\/dok\/wp-json\/wp\/v2\/categories?post=11489"},{"taxonomy":"post_tag","embeddable":true,"href":"https:\/\/www.solidarnosc.org.pl\/dok\/wp-json\/wp\/v2\/tags?post=11489"}],"curies":[{"name":"wp","href":"https:\/\/api.w.org\/{rel}","templated":true}]}}