{"id":11484,"date":"2001-06-18T22:00:00","date_gmt":"2001-06-18T20:00:00","guid":{"rendered":"https:\/\/www.solidarnosc.org.pl\/dok\/2001\/06\/18\/19-czerwca-2001\/"},"modified":"2001-06-18T22:00:00","modified_gmt":"2001-06-18T20:00:00","slug":"19-czerwca-2001","status":"publish","type":"post","link":"https:\/\/www.solidarnosc.org.pl\/dok\/2001\/06\/18\/19-czerwca-2001\/","title":{"rendered":"19 czerwca 2001"},"content":{"rendered":"<p>\n\t<b>Stanowisko KK nr 32\/2001 ws. rocznic Czerwcowych<\/b><\/p>\n<p>\n\tMija 45 lat od wydarze\u0144 Pozna\u0144skiego Czerwca. Robotnicy Poznania wyst\u0105pili przeciwko totalitaryzmowi, wznosz\u0105c na sztandarach has\u0142o: &bdquo;Za Prawo, Wolno\u015b\u0107 i Chleb&rdquo;. To oni stali si\u0119 ofiarami systemu komunistycznego, systemu, kt&oacute;ry mieni\u0142 si\u0119 by\u0107 &bdquo;demokracj\u0105 socjalistyczn\u0105&rdquo;, pa\u0144stwem ludzi pracy, a w 1956 roku skierowa\u0142 czo\u0142gi przeciw bezbronnym robotnikom.<br \/>\n\t&nbsp;20 lat p&oacute;\u017aniej, w czerwcu 1976 roku, rosn\u0105ce spo\u0142eczne niezadowolenie zaowocowa\u0142o wybuchem protestu w Radomiu, Ursusie, P\u0142ocku, Nowym Targu i innych miejscowo\u015bciach. Robotnicy opu\u015bcili swoje stanowiska pracy, aby zaprotestowa\u0107 przeciwko panuj\u0105cemu zniewoleniu&nbsp; i pogarszaj\u0105cym si\u0119 warunkom \u017cycia. Zap\u0142acili za to ogromn\u0105 cen\u0119: d\u0142ugotrwa\u0142e represje, aresztowania, &bdquo;\u015bcie\u017cki zdrowia&rdquo;, niesprawiedliwe wyroki s\u0105dowe.&nbsp;<br \/>\n\tTe wydarzenia sta\u0142y si\u0119 zarzewiem donios\u0142ych przemian w 1980 r. Powsta\u0142 wolny zwi\u0105zek zawodowy &bdquo;Solidarno\u015b\u0107&rdquo;, a dzi\u0119ki niemu dosz\u0142o do zmiany ustroju politycznego i gospodarczego w naszym kraju, w wyniku czego Polska cieszy si\u0119 dzi\u015b niepodleg\u0142o\u015bci\u0105, suwerenno\u015bci\u0105 i wolno\u015bci\u0105.<br \/>\n\tPragniemy odda\u0107 cze\u015b\u0107 tym, kt&oacute;rzy z olbrzymi\u0105 odwag\u0105 i determinacj\u0105, w czasach, gdy panowa\u0142 wszechobecny strach, upomnieli si\u0119 o godno\u015b\u0107 ludzi pracy.&nbsp;<br \/>\n\tPragniemy uczci\u0107 pami\u0119\u0107 tych, kt&oacute;ry w tamtych wypadkach zap\u0142acili najwy\u017csz\u0105 cen\u0119, z\u0142o\u017cyli najwy\u017csz\u0105 ofiar\u0119: \u017cycie. Tej ofiary nigdy nie zapomnimy, bo na jej fundamencie wznosimy dzi\u015b nasz wsp&oacute;lny, wolny dom.<br \/>\n\tNiech w tym wsp&oacute;lnym, wolnym domu dla nikogo nie zabraknie sprawiedliwo\u015bci i chleba. Pami\u0119\u0107 o robotniczych protestach sprzed lat niech nas sk\u0142oni do refleksji i dzia\u0142ania dla wsp&oacute;lnego dobra, do wychodzenia poza partykularne interesy i do solidarno\u015bci.<br \/>\n\tDomagamy si\u0119 r&oacute;wnie\u017c konsekwentnego ukarania winnych u\u017cycia si\u0142y w t\u0142umieniu robotniczych wyst\u0105pie\u0144, aby sprawiedliwo\u015bci sta\u0142o si\u0119 zado\u015b\u0107.<\/p>\n<p>\n\t<b>UCHWA\u0141A KK nr 52\/2001 ws. powo\u0142ania organizatora XIV KZD<\/b><\/p>\n<p>\n\tKomisja Krajowa NSZZ &bdquo;Solidarno\u015b\u0107&rdquo; postanawia, i\u017c XIV Krajowy Zjazd Delegat&oacute;w zwo\u0142any uchwa\u0142\u0105 KK nr 44\/2001 na 25 i 26 pa\u017adziernika br. odb\u0119dzie si\u0119 w Poznaniu i powo\u0142uje na jego organizatora Bogdana Klepasa &ndash; Przewodnicz\u0105cego Zarz\u0105du Regionu Wielkopolska.<br \/>\n\tKomisja Krajowa zobowi\u0105zuje Prezydium KK do zawarcia z Regionem Wielkopolska umowy okre\u015blaj\u0105cej warunki organizacji Zjazdu.<\/p>\n<p>\n\t<b>UCHWA\u0141A KK nr 53\/2001 ws. zmiany zasi\u0119gu dzia\u0142ania Region&oacute;w Warmi\u0144sko-Mazurskiego i Elbl\u0105skiego<\/b><\/p>\n<p>\n\tKomisja Krajowa NSZZ &bdquo;Solidarno\u015b\u0107&rdquo;, dzia\u0142aj\u0105c na podstawie &sect; 8 ust. 1 pkt 5 Statutu NSZZ &bdquo;Solidarno\u015b\u0107&rdquo; oraz uchwa\u0142y KK nr 642\/98, na wniosek organizacji zak\u0142adowych z powiatu braniewskiego podejmuje decyzj\u0119 o zmianie zasi\u0119gu dzia\u0142ania region&oacute;w, rozszerzaj\u0105c obszar Regionu Wami\u0144sko-Mazurskiego o powiat braniewski w wojew&oacute;dztwie warmi\u0144sko-mazurskim.<br \/>\n\tUchwa\u0142a wchodzi w \u017cycie z dniem 1 lipca 2001 r.<br \/>\n\tNiniejsza uchwa\u0142a stanowi podstaw\u0119 do niezw\u0142ocznego wpisania organizacji zak\u0142adowych z powiatu braniewskiego do regionalnego rejestru organizacji zak\u0142adowych w Regionie Warmi\u0144sko-Mazurskim. Zarejestrowanie tych organizacji zak\u0142adowych w Regionie Warmi\u0144sko-Mazurskim skutkuje jednoczesnym wyrejestrowaniem organizacji zak\u0142adowych z Regionu Elbl\u0105skiego, ze wszystkimi tego konsekwencjami.<br \/>\n\tRegion rejestruj\u0105cy organizacje zak\u0142adowe jest zobowi\u0105zany do poinformowania pracodawc&oacute;w, kt&oacute;rych ww. organizacje zak\u0142adowe obejmuj\u0105 swoim dzia\u0142aniem, o zmianie w\u0142adz nadrz\u0119dnych organizacji zak\u0142adowych.<\/p>\n<p>\n\t<b>UCHWA\u0141A KK nr 54\/2001 ws. akceptacji wniosku Krajowej Komisji Rewizyjnej<\/b><\/p>\n<p>\n\tKomisja Krajowa NSZZ &bdquo;Solidarno\u015b\u0107&rdquo; akceptuje z\u0142o\u017cony zgodnie z przepisami &sect; 20 ust. 3 Statutu wniosek Krajowej Komisji Rewizyjnej w sprawie kontroli Komisji Mi\u0119dzyzak\u0142adowej NSZZ &bdquo;Solidarno\u015b\u0107&rdquo; Polskiej \u017beglugi Ba\u0142tyckiej S.A. w Ko\u0142obrzegu.<\/p>\n<p>\n\t<b>UCHWA\u0141A KK nr 55\/2001 ws. rewindykacji maj\u0105tku<\/b><\/p>\n<p>\n\tKomisja Krajowa NSZZ &bdquo;Solidarno\u015b\u0107&rdquo; upowa\u017cnia Prezydium Komisji Krajowej do dokonania ustale\u0144 w zakresie podzia\u0142u nale\u017cnego maj\u0105tku utraconego przez zwi\u0105zki zawodowe w wyniku wprowadzenia stanu wojennego,q dotycz\u0105ce FWP oraz \u015brodk&oacute;w finansowych po CRZZ.<br \/>\n\tJednocze\u015bnie Komisja Krajowa stoi na stanowisku, i\u017c podstawowym warunkiem jest zachowanie zasady r&oacute;wnego podzia\u0142u tego maj\u0105tku pomi\u0119dzy reprezentatywne zwi\u0105zki zawodowe.<br \/>\n\t&nbsp;<\/p>\n<p><\/p>\n","protected":false},"excerpt":{"rendered":"<p>Stanowisko KK nr 32\/2001 ws. rocznic Czerwcowych Mija 45 lat od wydarze\u0144 Pozna\u0144skiego Czerwca. Robotnicy Poznania wyst\u0105pili przeciwko totalitaryzmowi, wznosz\u0105c na sztandarach has\u0142o: &bdquo;Za Prawo, Wolno\u015b\u0107 i Chleb&rdquo;. To oni stali si\u0119 ofiarami systemu komunistycznego, systemu, kt&oacute;ry mieni\u0142 si\u0119 by\u0107 &bdquo;demokracj\u0105 socjalistyczn\u0105&rdquo;, pa\u0144stwem ludzi pracy, a w 1956 roku skierowa\u0142 czo\u0142gi przeciw bezbronnym robotnikom. &nbsp;20 [&hellip;]<\/p>\n","protected":false},"author":3,"featured_media":0,"comment_status":"closed","ping_status":"closed","sticky":false,"template":"","format":"standard","meta":{"footnotes":""},"categories":[3429,8],"tags":[],"class_list":["post-11484","post","type-post","status-publish","format-standard","hentry","category-2001kk","category-dokkk"],"_links":{"self":[{"href":"https:\/\/www.solidarnosc.org.pl\/dok\/wp-json\/wp\/v2\/posts\/11484","targetHints":{"allow":["GET"]}}],"collection":[{"href":"https:\/\/www.solidarnosc.org.pl\/dok\/wp-json\/wp\/v2\/posts"}],"about":[{"href":"https:\/\/www.solidarnosc.org.pl\/dok\/wp-json\/wp\/v2\/types\/post"}],"author":[{"embeddable":true,"href":"https:\/\/www.solidarnosc.org.pl\/dok\/wp-json\/wp\/v2\/users\/3"}],"replies":[{"embeddable":true,"href":"https:\/\/www.solidarnosc.org.pl\/dok\/wp-json\/wp\/v2\/comments?post=11484"}],"version-history":[{"count":0,"href":"https:\/\/www.solidarnosc.org.pl\/dok\/wp-json\/wp\/v2\/posts\/11484\/revisions"}],"wp:attachment":[{"href":"https:\/\/www.solidarnosc.org.pl\/dok\/wp-json\/wp\/v2\/media?parent=11484"}],"wp:term":[{"taxonomy":"category","embeddable":true,"href":"https:\/\/www.solidarnosc.org.pl\/dok\/wp-json\/wp\/v2\/categories?post=11484"},{"taxonomy":"post_tag","embeddable":true,"href":"https:\/\/www.solidarnosc.org.pl\/dok\/wp-json\/wp\/v2\/tags?post=11484"}],"curies":[{"name":"wp","href":"https:\/\/api.w.org\/{rel}","templated":true}]}}