{"id":11425,"date":"2024-03-13T12:08:59","date_gmt":"2024-03-13T11:08:59","guid":{"rendered":"https:\/\/www.solidarnosc.org.pl\/dok\/?p=11425"},"modified":"2024-03-15T12:09:48","modified_gmt":"2024-03-15T11:09:48","slug":"uchwala-kk-nr-10-24-ws-przyjecia-preliminarza-budzetu-kk-na-2024-r","status":"publish","type":"post","link":"https:\/\/www.solidarnosc.org.pl\/dok\/2024\/03\/13\/uchwala-kk-nr-10-24-ws-przyjecia-preliminarza-budzetu-kk-na-2024-r\/","title":{"rendered":"Uchwa\u0142a KK nr 10\/24 ws. przyj\u0119cia preliminarza bud\u017cetu KK na 2024 r."},"content":{"rendered":"\n<p>(do u\u017cytku s\u0142u\u017cbowego)<\/p>\n","protected":false},"excerpt":{"rendered":"<p>(do u\u017cytku s\u0142u\u017cbowego)<\/p>\n","protected":false},"author":3,"featured_media":0,"comment_status":"closed","ping_status":"closed","sticky":false,"template":"","format":"standard","meta":{"footnotes":""},"categories":[3344],"tags":[3388,3378,62,102],"class_list":["post-11425","post","type-post","status-publish","format-standard","hentry","category-2024-kk","tag-10-24","tag-3378","tag-uchwala","tag-uchwala-kk"],"_links":{"self":[{"href":"https:\/\/www.solidarnosc.org.pl\/dok\/wp-json\/wp\/v2\/posts\/11425","targetHints":{"allow":["GET"]}}],"collection":[{"href":"https:\/\/www.solidarnosc.org.pl\/dok\/wp-json\/wp\/v2\/posts"}],"about":[{"href":"https:\/\/www.solidarnosc.org.pl\/dok\/wp-json\/wp\/v2\/types\/post"}],"author":[{"embeddable":true,"href":"https:\/\/www.solidarnosc.org.pl\/dok\/wp-json\/wp\/v2\/users\/3"}],"replies":[{"embeddable":true,"href":"https:\/\/www.solidarnosc.org.pl\/dok\/wp-json\/wp\/v2\/comments?post=11425"}],"version-history":[{"count":1,"href":"https:\/\/www.solidarnosc.org.pl\/dok\/wp-json\/wp\/v2\/posts\/11425\/revisions"}],"predecessor-version":[{"id":11426,"href":"https:\/\/www.solidarnosc.org.pl\/dok\/wp-json\/wp\/v2\/posts\/11425\/revisions\/11426"}],"wp:attachment":[{"href":"https:\/\/www.solidarnosc.org.pl\/dok\/wp-json\/wp\/v2\/media?parent=11425"}],"wp:term":[{"taxonomy":"category","embeddable":true,"href":"https:\/\/www.solidarnosc.org.pl\/dok\/wp-json\/wp\/v2\/categories?post=11425"},{"taxonomy":"post_tag","embeddable":true,"href":"https:\/\/www.solidarnosc.org.pl\/dok\/wp-json\/wp\/v2\/tags?post=11425"}],"curies":[{"name":"wp","href":"https:\/\/api.w.org\/{rel}","templated":true}]}}