{"id":11411,"date":"2024-03-13T11:50:34","date_gmt":"2024-03-13T10:50:34","guid":{"rendered":"https:\/\/www.solidarnosc.org.pl\/dok\/?p=11411"},"modified":"2024-03-15T11:53:57","modified_gmt":"2024-03-15T10:53:57","slug":"uchwala-kk-nr-5-24-ws-wyrejestrowania-krajowego-sekretariatu-rolnictwa-nszz-solidarnosc","status":"publish","type":"post","link":"https:\/\/www.solidarnosc.org.pl\/dok\/2024\/03\/13\/uchwala-kk-nr-5-24-ws-wyrejestrowania-krajowego-sekretariatu-rolnictwa-nszz-solidarnosc\/","title":{"rendered":"Uchwa\u0142a KK nr 5\/24 ws. wyrejestrowania Krajowego Sekretariatu Rolnictwa NSZZ \u201eSolidarno\u015b\u0107\u201d"},"content":{"rendered":"<p style=\"text-align: center;\">\u00a71<\/p>\n<p style=\"text-align: justify;\">Komisja Krajowa NSZZ \u201eSolidarno\u015b\u0107\u201d postanawia wyrejestrowa\u0107 Krajowy Sekretariat Rolnictwa NSZZ \u201eSolidarno\u015b\u0107\u201d z Rejestru Krajowych Sekretariat\u00f3w Bran\u017cowych prowadzonego przez Komisj\u0119 Krajow\u0105 NSZZ \u201eSolidarno\u015b\u0107\u201d.<\/p>\n<p style=\"text-align: center;\">\u00a72<\/p>\n<p style=\"text-align: justify;\">Wyrejestrowanie,\u00a0 zgodnie z \u00a7 10 Uchwa\u0142y KK nr 18\/23 ws. szczeg\u00f3\u0142owych zasad post\u0119powania w przypadku wyrejestrowania danej jednostki organizacyjnej Zwi\u0105zku, nast\u0105pi z\u00a0dniem 13 marca 2024 r.<\/p>\n<p style=\"text-align: center;\">\n\u00a73<\/p>\n<p>Uchwa\u0142a wchodzi w \u017cycie z dniem podj\u0119cia.<\/p>\n","protected":false},"excerpt":{"rendered":"<p>\u00a71 Komisja Krajowa NSZZ \u201eSolidarno\u015b\u0107\u201d postanawia wyrejestrowa\u0107 Krajowy Sekretariat Rolnictwa NSZZ \u201eSolidarno\u015b\u0107\u201d z Rejestru Krajowych Sekretariat\u00f3w Bran\u017cowych prowadzonego przez Komisj\u0119 Krajow\u0105 NSZZ \u201eSolidarno\u015b\u0107\u201d. \u00a72 Wyrejestrowanie,\u00a0 zgodnie z \u00a7 10 Uchwa\u0142y KK nr 18\/23 ws. szczeg\u00f3\u0142owych zasad post\u0119powania w przypadku wyrejestrowania danej jednostki organizacyjnej Zwi\u0105zku, nast\u0105pi z\u00a0dniem 13 marca 2024 r. \u00a73 Uchwa\u0142a wchodzi w \u017cycie [&hellip;]<\/p>\n","protected":false},"author":3,"featured_media":0,"comment_status":"closed","ping_status":"closed","sticky":false,"template":"","format":"standard","meta":{"footnotes":""},"categories":[3344],"tags":[3378,3383,62,102],"class_list":["post-11411","post","type-post","status-publish","format-standard","hentry","category-2024-kk","tag-3378","tag-5-24","tag-uchwala","tag-uchwala-kk"],"_links":{"self":[{"href":"https:\/\/www.solidarnosc.org.pl\/dok\/wp-json\/wp\/v2\/posts\/11411","targetHints":{"allow":["GET"]}}],"collection":[{"href":"https:\/\/www.solidarnosc.org.pl\/dok\/wp-json\/wp\/v2\/posts"}],"about":[{"href":"https:\/\/www.solidarnosc.org.pl\/dok\/wp-json\/wp\/v2\/types\/post"}],"author":[{"embeddable":true,"href":"https:\/\/www.solidarnosc.org.pl\/dok\/wp-json\/wp\/v2\/users\/3"}],"replies":[{"embeddable":true,"href":"https:\/\/www.solidarnosc.org.pl\/dok\/wp-json\/wp\/v2\/comments?post=11411"}],"version-history":[{"count":1,"href":"https:\/\/www.solidarnosc.org.pl\/dok\/wp-json\/wp\/v2\/posts\/11411\/revisions"}],"predecessor-version":[{"id":11413,"href":"https:\/\/www.solidarnosc.org.pl\/dok\/wp-json\/wp\/v2\/posts\/11411\/revisions\/11413"}],"wp:attachment":[{"href":"https:\/\/www.solidarnosc.org.pl\/dok\/wp-json\/wp\/v2\/media?parent=11411"}],"wp:term":[{"taxonomy":"category","embeddable":true,"href":"https:\/\/www.solidarnosc.org.pl\/dok\/wp-json\/wp\/v2\/categories?post=11411"},{"taxonomy":"post_tag","embeddable":true,"href":"https:\/\/www.solidarnosc.org.pl\/dok\/wp-json\/wp\/v2\/tags?post=11411"}],"curies":[{"name":"wp","href":"https:\/\/api.w.org\/{rel}","templated":true}]}}