{"id":11303,"date":"2024-02-06T11:21:31","date_gmt":"2024-02-06T10:21:31","guid":{"rendered":"https:\/\/www.solidarnosc.org.pl\/dok\/?p=11303"},"modified":"2024-03-19T13:16:59","modified_gmt":"2024-03-19T12:16:59","slug":"decyzja-prezydium-kk-nr-19-24-ws-projektu-szkolenia-bhp-jak-skutecznie-zapewnic-bezpieczne-i-higieniczne-warunki-pracy","status":"publish","type":"post","link":"https:\/\/www.solidarnosc.org.pl\/dok\/2024\/02\/06\/decyzja-prezydium-kk-nr-19-24-ws-projektu-szkolenia-bhp-jak-skutecznie-zapewnic-bezpieczne-i-higieniczne-warunki-pracy\/","title":{"rendered":"Decyzja Prezydium KK nr 19\/24 ws. projektu \u201eSzkolenia BHP- jak skutecznie zapewni\u0107 bezpieczne i higieniczne warunki pracy\u201d"},"content":{"rendered":"<p style=\"text-align: justify;\">Prezydium Komisji Krajowej NSZZ \u201eSolidarno\u015b\u0107\u201d wyra\u017ca zgod\u0119 na opracowanie i z\u0142o\u017cenie jako Lider projektu pod roboczym tytu\u0142em \u201eSzkolenia BHP- jak skutecznie zapewni\u0107 bezpieczne i higieniczne warunki pracy\u201d, w odpowiedzi na konkurs og\u0142oszony w ramach programu Fundusze Europejskie dla Rozwoju Spo\u0142ecznego 2021-2027, nr naboru: FERS.04.03-IP.06-002\/23.<br \/>\nCelem projektu b\u0119dzie podj\u0119cie dzia\u0142a\u0144 edukacyjnych z zakresu BHP, kt\u00f3re wp\u0142yn\u0105 na zwi\u0119kszenie bezpiecznych i higienicznych warunk\u00f3w pracy oraz dzia\u0142a\u0144 upowszechniaj\u0105cych dobre praktyki z zakresu BHP stosowane przez pracodawc\u00f3w.<\/p>\n<p>G\u0142\u00f3wne dzia\u0142ania:<br \/>\n\u2022 Przeprowadzenie 48 szkole\u0144 z zakresu BHP i kszta\u0142towania warunk\u00f3w<br \/>\ni \u015brodowiska pracy przez przedstawicieli pracowniczych\/organizacji zwi\u0105zkowych.<br \/>\n\u2022 Forum SIP ( Warsztaty stacjonarne (+ dodatkowo on-line) dla SIP\u00f3w oraz os\u00f3b przygotowuj\u0105cych si\u0119 do pe\u0142nienia roli SIPa (min.: analiza zapis\u00f3w prawnych<br \/>\ni przygotowanie propozycji zmian legislacyjnych).<br \/>\n\u2022 Kampania edukacyjna i upowszechniaj\u0105ca Dobre Praktyki z zakresu<br \/>\nBHP (opracowanie publikacji zawieraj\u0105cej dobre praktyki zg\u0142oszone przez uczestnik\u00f3w szkole\u0144, emisja filmu edukacyjnego o znaczeniu roli przedst. pracownik\u00f3w, konferencja upowszechniaj\u0105ca)<\/p>\n<p>W projekcie we\u017amie udzia\u0142 ok. 1090 cz\u0142onk\u00f3w naszych struktur.<br \/>\nPartnerem w projekcie b\u0119dzie Region Gda\u0144ski.<\/p>\n<p>Z ramienia Prezydium KK odpowiedzialni za realizacj\u0119 ww. projektu b\u0119d\u0105:<br \/>\n&#8211; Jerzy Jaworski: Zast\u0119pca Przewodnicz\u0105cego i Skarbnik NSZZ \u201eSolidarno\u015b\u0107\u201d<br \/>\n&#8211; Bart\u0142omiej Mickiewicz: Zast\u0119pca Przewodnicz\u0105cego NSZZ \u201eSolidarno\u015b\u0107\u201d ds. struktur bran\u017cowych.<br \/>\nPonadto personel niezb\u0119dny do realizacji projektu to:<br \/>\nw ramach koszt\u00f3w bezpo\u015brednich:<br \/>\n\u2022 Ekspert ds.BHP: Paulina Bara\u0144ska<br \/>\n\u2022 Trenerzy: dwoje trener\u00f3w KK (Janusz Zabiega, Maryla Ko\u015bci\u0144ska) oraz dwoje trener\u00f3w wskazanych przez Region Gda\u0144ski<br \/>\n\u2022 Prawnik, ekspert w dziedzinie BHP: Jakub Szmit<br \/>\n\u2022 Specjalista ds. upowszechniania dobrych praktyk i roli przedstawicieli pracownik\u00f3w<br \/>\nw BHP (wskazany przez R. Gda\u0144ski),<br \/>\nw ramach koszt\u00f3w po\u015brednich:<br \/>\n\u2022 Kierownik projektu: Monika Dorawa<br \/>\n\u2022 Specjalista ds. rekrutacji: Emilia Onyszczuk<br \/>\n\u2022 Specjalista do wprowadzania danych uczestnik\u00f3w w systemie SL 2014:<br \/>\nJustyna Skrzypek<br \/>\n\u2022 Specjalista ds. rozlicze\u0144: Joanna Sawicka.<\/p>\n","protected":false},"excerpt":{"rendered":"<p>Prezydium Komisji Krajowej NSZZ \u201eSolidarno\u015b\u0107\u201d wyra\u017ca zgod\u0119 na opracowanie i z\u0142o\u017cenie jako Lider projektu pod roboczym tytu\u0142em \u201eSzkolenia BHP- jak skutecznie zapewni\u0107 bezpieczne i higieniczne warunki pracy\u201d, w odpowiedzi na konkurs og\u0142oszony w ramach programu Fundusze Europejskie dla Rozwoju Spo\u0142ecznego 2021-2027, nr naboru: FERS.04.03-IP.06-002\/23. Celem projektu b\u0119dzie podj\u0119cie dzia\u0142a\u0144 edukacyjnych z zakresu BHP, kt\u00f3re wp\u0142yn\u0105 [&hellip;]<\/p>\n","protected":false},"author":3,"featured_media":0,"comment_status":"closed","ping_status":"closed","sticky":false,"template":"","format":"standard","meta":{"footnotes":""},"categories":[3345],"tags":[3397,3378,61,536,534],"class_list":["post-11303","post","type-post","status-publish","format-standard","hentry","category-2024prezydium","tag-19-24","tag-3378","tag-decyzja","tag-decyzja-prezydium","tag-prezydium"],"_links":{"self":[{"href":"https:\/\/www.solidarnosc.org.pl\/dok\/wp-json\/wp\/v2\/posts\/11303","targetHints":{"allow":["GET"]}}],"collection":[{"href":"https:\/\/www.solidarnosc.org.pl\/dok\/wp-json\/wp\/v2\/posts"}],"about":[{"href":"https:\/\/www.solidarnosc.org.pl\/dok\/wp-json\/wp\/v2\/types\/post"}],"author":[{"embeddable":true,"href":"https:\/\/www.solidarnosc.org.pl\/dok\/wp-json\/wp\/v2\/users\/3"}],"replies":[{"embeddable":true,"href":"https:\/\/www.solidarnosc.org.pl\/dok\/wp-json\/wp\/v2\/comments?post=11303"}],"version-history":[{"count":2,"href":"https:\/\/www.solidarnosc.org.pl\/dok\/wp-json\/wp\/v2\/posts\/11303\/revisions"}],"predecessor-version":[{"id":11440,"href":"https:\/\/www.solidarnosc.org.pl\/dok\/wp-json\/wp\/v2\/posts\/11303\/revisions\/11440"}],"wp:attachment":[{"href":"https:\/\/www.solidarnosc.org.pl\/dok\/wp-json\/wp\/v2\/media?parent=11303"}],"wp:term":[{"taxonomy":"category","embeddable":true,"href":"https:\/\/www.solidarnosc.org.pl\/dok\/wp-json\/wp\/v2\/categories?post=11303"},{"taxonomy":"post_tag","embeddable":true,"href":"https:\/\/www.solidarnosc.org.pl\/dok\/wp-json\/wp\/v2\/tags?post=11303"}],"curies":[{"name":"wp","href":"https:\/\/api.w.org\/{rel}","templated":true}]}}