{"id":11297,"date":"2024-02-06T11:17:32","date_gmt":"2024-02-06T10:17:32","guid":{"rendered":"https:\/\/www.solidarnosc.org.pl\/dok\/?p=11297"},"modified":"2024-02-07T11:18:56","modified_gmt":"2024-02-07T10:18:56","slug":"decyzja-prezydium-kk-nr-17-24-ws-zmiany-nazwy-miedzyzakladowej-komisji-koordynacyjnej-nszz-solidarnosc-pkp-energetyka-s-a","status":"publish","type":"post","link":"https:\/\/www.solidarnosc.org.pl\/dok\/2024\/02\/06\/decyzja-prezydium-kk-nr-17-24-ws-zmiany-nazwy-miedzyzakladowej-komisji-koordynacyjnej-nszz-solidarnosc-pkp-energetyka-s-a\/","title":{"rendered":"Decyzja Prezydium KK nr 17\/24 ws. zmiany nazwy Mi\u0119dzyzak\u0142adowej Komisji Koordynacyjnej NSZZ \u201eSolidarno\u015b\u0107\u201d PKP Energetyka S.A."},"content":{"rendered":"<p style=\"text-align: justify;\">Prezydium Komisji Krajowej NSZZ \u201eSolidarno\u015b\u0107\u201d zatwierdza zmian\u0119 nazwy Mi\u0119dzyzak\u0142adowej Komisji Koordynacyjnej NSZZ \u201eSolidarno\u015b\u0107\u201d PKP Energetyka S.A. na \u201eMi\u0119dzyzak\u0142adowa Komisja Koordynacyjna NSZZ \u201eSolidarno\u015b\u0107\u201d PGE Energetyka Kolejowa\u201d.<br \/>\nMi\u0119dzyzak\u0142adowa Komisja Koordynacyjna NSZZ \u201eSolidarno\u015b\u0107\u201d PGE Energetyka Kolejowa pozostaje zarejestrowana w Krajowym Rejestrze MKK pod numerem 81.<\/p>\n","protected":false},"excerpt":{"rendered":"<p>Prezydium Komisji Krajowej NSZZ \u201eSolidarno\u015b\u0107\u201d zatwierdza zmian\u0119 nazwy Mi\u0119dzyzak\u0142adowej Komisji Koordynacyjnej NSZZ \u201eSolidarno\u015b\u0107\u201d PKP Energetyka S.A. na \u201eMi\u0119dzyzak\u0142adowa Komisja Koordynacyjna NSZZ \u201eSolidarno\u015b\u0107\u201d PGE Energetyka Kolejowa\u201d. Mi\u0119dzyzak\u0142adowa Komisja Koordynacyjna NSZZ \u201eSolidarno\u015b\u0107\u201d PGE Energetyka Kolejowa pozostaje zarejestrowana w Krajowym Rejestrze MKK pod numerem 81.<\/p>\n","protected":false},"author":3,"featured_media":0,"comment_status":"closed","ping_status":"closed","sticky":false,"template":"","format":"standard","meta":{"footnotes":""},"categories":[3345],"tags":[3395,3378,61,536,534],"class_list":["post-11297","post","type-post","status-publish","format-standard","hentry","category-2024prezydium","tag-17-24","tag-3378","tag-decyzja","tag-decyzja-prezydium","tag-prezydium"],"_links":{"self":[{"href":"https:\/\/www.solidarnosc.org.pl\/dok\/wp-json\/wp\/v2\/posts\/11297","targetHints":{"allow":["GET"]}}],"collection":[{"href":"https:\/\/www.solidarnosc.org.pl\/dok\/wp-json\/wp\/v2\/posts"}],"about":[{"href":"https:\/\/www.solidarnosc.org.pl\/dok\/wp-json\/wp\/v2\/types\/post"}],"author":[{"embeddable":true,"href":"https:\/\/www.solidarnosc.org.pl\/dok\/wp-json\/wp\/v2\/users\/3"}],"replies":[{"embeddable":true,"href":"https:\/\/www.solidarnosc.org.pl\/dok\/wp-json\/wp\/v2\/comments?post=11297"}],"version-history":[{"count":1,"href":"https:\/\/www.solidarnosc.org.pl\/dok\/wp-json\/wp\/v2\/posts\/11297\/revisions"}],"predecessor-version":[{"id":11299,"href":"https:\/\/www.solidarnosc.org.pl\/dok\/wp-json\/wp\/v2\/posts\/11297\/revisions\/11299"}],"wp:attachment":[{"href":"https:\/\/www.solidarnosc.org.pl\/dok\/wp-json\/wp\/v2\/media?parent=11297"}],"wp:term":[{"taxonomy":"category","embeddable":true,"href":"https:\/\/www.solidarnosc.org.pl\/dok\/wp-json\/wp\/v2\/categories?post=11297"},{"taxonomy":"post_tag","embeddable":true,"href":"https:\/\/www.solidarnosc.org.pl\/dok\/wp-json\/wp\/v2\/tags?post=11297"}],"curies":[{"name":"wp","href":"https:\/\/api.w.org\/{rel}","templated":true}]}}