{"id":11125,"date":"2023-11-15T08:53:00","date_gmt":"2023-11-15T07:53:00","guid":{"rendered":"https:\/\/www.solidarnosc.org.pl\/dok\/?p=11125"},"modified":"2023-11-17T10:55:36","modified_gmt":"2023-11-17T09:55:36","slug":"stanowisko-kk-nr-8-23-ws-przywrocenia-uprawnien-emerytalnych-dla-bylych-funkcjonariuszy-sluzby-bezpieczenstwa","status":"publish","type":"post","link":"https:\/\/www.solidarnosc.org.pl\/dok\/2023\/11\/15\/stanowisko-kk-nr-8-23-ws-przywrocenia-uprawnien-emerytalnych-dla-bylych-funkcjonariuszy-sluzby-bezpieczenstwa\/","title":{"rendered":"Stanowisko KK nr 8\/23 ws. przywr\u00f3cenia uprawnie\u0144 emerytalnych dla by\u0142ych funkcjonariuszy S\u0142u\u017cby Bezpiecze\u0144stwa"},"content":{"rendered":"<p style=\"text-align: justify;\">Komisja Krajowa NSZZ \u201eSolidarno\u015b\u0107\u201d wyra\u017ca stanowczy sprzeciw wobec plan\u00f3w przywr\u00f3cenia uprawnie\u0144 emerytalnych z lat PRL dla by\u0142ych funkcjonariuszy S\u0142u\u017cby Bezpiecze\u0144stwa, kt\u00f3re s\u0105 jednym z punkt\u00f3w umowy koalicyjnej KO, Polski 2050, PSL i Nowej Lewicy.<\/p>\n<p style=\"text-align: justify;\">NSZZ \u201eSolidarno\u015b\u0107\u201d, kt\u00f3ry wywalczy\u0142 Polsce niepodleg\u0142o\u015b\u0107 przypomina, \u017ce funkcjonariusze PRL-owskich s\u0142u\u017cb, w tym ci siej\u0105cy terror i dopuszczaj\u0105cy si\u0119 zbrodni na narodzie polskim, nie zostali pozbawieni uprawnie\u0144 emerytalnych, a jedynie przywilej\u00f3w przyznanych przez komunistyczny re\u017cim. Odebranie tych przywilej\u00f3w by\u0142o aktem sprawiedliwo\u015bci przede wszystkim wobec ofiar tych ludzi, jak r\u00f3wnie\u017c wobec ca\u0142ego spo\u0142ecze\u0144stwa, kt\u00f3re uczciwie pracuj\u0105c takich dodatk\u00f3w nie otrzymywa\u0142o.<\/p>\n<p style=\"text-align: justify;\">Przypominamy r\u00f3wnie\u017c, szczeg\u00f3lnie tym pos\u0142om, kt\u00f3rzy nale\u017c\u0105, lub nale\u017celi kiedy\u015b do \u201eSolidarno\u015bci\u201d, \u017ce g\u0142osowanie za przywr\u00f3ceniem przywilej\u00f3w emerytalnych funkcjonariuszom komunistycznego re\u017cimu by\u0142oby jednoznaczne z odebraniem sobie prawa do powo\u0142ywania si\u0119 na etos \u201eSolidarno\u015bci\u201d w swoim \u017cyciorysie.<\/p>\n","protected":false},"excerpt":{"rendered":"<p>Komisja Krajowa NSZZ \u201eSolidarno\u015b\u0107\u201d wyra\u017ca stanowczy sprzeciw wobec plan\u00f3w przywr\u00f3cenia uprawnie\u0144 emerytalnych z lat PRL dla by\u0142ych funkcjonariuszy S\u0142u\u017cby Bezpiecze\u0144stwa, kt\u00f3re s\u0105 jednym z punkt\u00f3w umowy koalicyjnej KO, Polski 2050, PSL i Nowej Lewicy. NSZZ \u201eSolidarno\u015b\u0107\u201d, kt\u00f3ry wywalczy\u0142 Polsce niepodleg\u0142o\u015b\u0107 przypomina, \u017ce funkcjonariusze PRL-owskich s\u0142u\u017cb, w tym ci siej\u0105cy terror i dopuszczaj\u0105cy si\u0119 zbrodni na [&hellip;]<\/p>\n","protected":false},"author":3,"featured_media":0,"comment_status":"closed","ping_status":"closed","sticky":false,"template":"","format":"standard","meta":{"footnotes":""},"categories":[3231],"tags":[2626,2634,98,63,100],"class_list":["post-11125","post","type-post","status-publish","format-standard","hentry","category-2023-kk","tag-2626","tag-8-23","tag-kk","tag-stanowisko","tag-stanowisko-kk"],"_links":{"self":[{"href":"https:\/\/www.solidarnosc.org.pl\/dok\/wp-json\/wp\/v2\/posts\/11125","targetHints":{"allow":["GET"]}}],"collection":[{"href":"https:\/\/www.solidarnosc.org.pl\/dok\/wp-json\/wp\/v2\/posts"}],"about":[{"href":"https:\/\/www.solidarnosc.org.pl\/dok\/wp-json\/wp\/v2\/types\/post"}],"author":[{"embeddable":true,"href":"https:\/\/www.solidarnosc.org.pl\/dok\/wp-json\/wp\/v2\/users\/3"}],"replies":[{"embeddable":true,"href":"https:\/\/www.solidarnosc.org.pl\/dok\/wp-json\/wp\/v2\/comments?post=11125"}],"version-history":[{"count":1,"href":"https:\/\/www.solidarnosc.org.pl\/dok\/wp-json\/wp\/v2\/posts\/11125\/revisions"}],"predecessor-version":[{"id":11127,"href":"https:\/\/www.solidarnosc.org.pl\/dok\/wp-json\/wp\/v2\/posts\/11125\/revisions\/11127"}],"wp:attachment":[{"href":"https:\/\/www.solidarnosc.org.pl\/dok\/wp-json\/wp\/v2\/media?parent=11125"}],"wp:term":[{"taxonomy":"category","embeddable":true,"href":"https:\/\/www.solidarnosc.org.pl\/dok\/wp-json\/wp\/v2\/categories?post=11125"},{"taxonomy":"post_tag","embeddable":true,"href":"https:\/\/www.solidarnosc.org.pl\/dok\/wp-json\/wp\/v2\/tags?post=11125"}],"curies":[{"name":"wp","href":"https:\/\/api.w.org\/{rel}","templated":true}]}}