{"id":11107,"date":"2023-11-15T09:41:19","date_gmt":"2023-11-15T08:41:19","guid":{"rendered":"https:\/\/www.solidarnosc.org.pl\/dok\/?p=11107"},"modified":"2023-11-17T09:45:17","modified_gmt":"2023-11-17T08:45:17","slug":"uchwala-kk-nr-27-23-ws-etatow-dla-czlonkow-prezydium-kk","status":"publish","type":"post","link":"https:\/\/www.solidarnosc.org.pl\/dok\/2023\/11\/15\/uchwala-kk-nr-27-23-ws-etatow-dla-czlonkow-prezydium-kk\/","title":{"rendered":"Uchwa\u0142a KK nr 27\/23 ws. etat\u00f3w dla cz\u0142onk\u00f3w Prezydium KK"},"content":{"rendered":"<p style=\"text-align: justify;\">Komisja Krajowa NSZZ \u201eSolidarno\u015b\u0107\u201d na podstawie \u00a7 34 ust. 2 Ordynacji Wyborczej KZD oraz \u00a7\u00a7 2 i 3 Uchwa\u0142y nr 8 XIX KZD postanawia, \u017ce jej prezydium liczy\u0107 b\u0119dzie do 7 cz\u0142onk\u00f3w wraz z Przewodnicz\u0105cym KK i przydziela nast\u0119puj\u0105ce wielko\u015bci etat\u00f3w:<\/p>\n<p style=\"text-align: justify;\">Grzegorz Adamowicz \u2013 zast\u0119pca przewodnicz\u0105cego\/sekretarz KK, w wymiarze 1 etatu, z\u00a0wynagrodzeniem okre\u015blonym Uchwa\u0142\u0105 KK 26\/23 z 15 listopada 2023 r.;<\/p>\n<p style=\"text-align: justify;\">Jerzy Jaworski \u2013 zast\u0119pca przewodnicz\u0105cego\/skarbnik KK, w wymiarze 1 etatu, z wynagrodzeniem okre\u015blonym Uchwa\u0142\u0105 KK 26\/23 z 15 listopada 2023 r.;<\/p>\n<p style=\"text-align: justify;\">Maciej K\u0142osi\u0144ski \u2013 zast\u0119pca przewodnicz\u0105cego KK, w wymiarze 1 etatu, z wynagrodzeniem okre\u015blonym Uchwa\u0142\u0105 KK 26\/23 z 15 listopada 2023 r.;<\/p>\n<p style=\"text-align: justify;\">Bart\u0142omiej Mickiewicz \u2013 zast\u0119pca przewodnicz\u0105cego KK, w wymiarze 1 etatu, z wynagrodzeniem okre\u015blonym Uchwa\u0142\u0105 KK 26\/23 z 15 listopada 2023 r.<\/p>\n","protected":false},"excerpt":{"rendered":"<p>Komisja Krajowa NSZZ \u201eSolidarno\u015b\u0107\u201d na podstawie \u00a7 34 ust. 2 Ordynacji Wyborczej KZD oraz \u00a7\u00a7 2 i 3 Uchwa\u0142y nr 8 XIX KZD postanawia, \u017ce jej prezydium liczy\u0107 b\u0119dzie do 7 cz\u0142onk\u00f3w wraz z Przewodnicz\u0105cym KK i przydziela nast\u0119puj\u0105ce wielko\u015bci etat\u00f3w: Grzegorz Adamowicz \u2013 zast\u0119pca przewodnicz\u0105cego\/sekretarz KK, w wymiarze 1 etatu, z\u00a0wynagrodzeniem okre\u015blonym Uchwa\u0142\u0105 KK [&hellip;]<\/p>\n","protected":false},"author":3,"featured_media":0,"comment_status":"closed","ping_status":"closed","sticky":false,"template":"","format":"standard","meta":{"footnotes":""},"categories":[3231],"tags":[2626,3225,98,62,102],"class_list":["post-11107","post","type-post","status-publish","format-standard","hentry","category-2023-kk","tag-2626","tag-27-23","tag-kk","tag-uchwala","tag-uchwala-kk"],"_links":{"self":[{"href":"https:\/\/www.solidarnosc.org.pl\/dok\/wp-json\/wp\/v2\/posts\/11107","targetHints":{"allow":["GET"]}}],"collection":[{"href":"https:\/\/www.solidarnosc.org.pl\/dok\/wp-json\/wp\/v2\/posts"}],"about":[{"href":"https:\/\/www.solidarnosc.org.pl\/dok\/wp-json\/wp\/v2\/types\/post"}],"author":[{"embeddable":true,"href":"https:\/\/www.solidarnosc.org.pl\/dok\/wp-json\/wp\/v2\/users\/3"}],"replies":[{"embeddable":true,"href":"https:\/\/www.solidarnosc.org.pl\/dok\/wp-json\/wp\/v2\/comments?post=11107"}],"version-history":[{"count":1,"href":"https:\/\/www.solidarnosc.org.pl\/dok\/wp-json\/wp\/v2\/posts\/11107\/revisions"}],"predecessor-version":[{"id":11109,"href":"https:\/\/www.solidarnosc.org.pl\/dok\/wp-json\/wp\/v2\/posts\/11107\/revisions\/11109"}],"wp:attachment":[{"href":"https:\/\/www.solidarnosc.org.pl\/dok\/wp-json\/wp\/v2\/media?parent=11107"}],"wp:term":[{"taxonomy":"category","embeddable":true,"href":"https:\/\/www.solidarnosc.org.pl\/dok\/wp-json\/wp\/v2\/categories?post=11107"},{"taxonomy":"post_tag","embeddable":true,"href":"https:\/\/www.solidarnosc.org.pl\/dok\/wp-json\/wp\/v2\/tags?post=11107"}],"curies":[{"name":"wp","href":"https:\/\/api.w.org\/{rel}","templated":true}]}}