{"id":10935,"date":"2023-09-21T15:31:25","date_gmt":"2023-09-21T13:31:25","guid":{"rendered":"https:\/\/www.solidarnosc.org.pl\/dok\/?p=10935"},"modified":"2023-09-21T15:31:59","modified_gmt":"2023-09-21T13:31:59","slug":"stanowisko-prezydium-kk-nr-1-23-ws-obrony-dobrego-imienia-sluzb-mundurowych-broniacych-polskich-granic","status":"publish","type":"post","link":"https:\/\/www.solidarnosc.org.pl\/dok\/2023\/09\/21\/stanowisko-prezydium-kk-nr-1-23-ws-obrony-dobrego-imienia-sluzb-mundurowych-broniacych-polskich-granic\/","title":{"rendered":"Stanowisko Prezydium KK nr 1\/23 ws. obrony dobrego imienia s\u0142u\u017cb mundurowych broni\u0105cych polskich granic"},"content":{"rendered":"<p style=\"text-align: justify;\">Prezydium Komisji Krajowej Niezale\u017cnego Samorz\u0105dnego Zwi\u0105zku Zawodowego \u201eSolidarno\u015b\u0107&#8221; nie znajduje wystarczaj\u0105co ostrych s\u0142\u00f3w, aby wyrazi\u0107 oburzenie wobec atak\u00f3w niekt\u00f3rych polityk\u00f3w i \u015brodowisk na polskich funkcjonariuszy i \u017co\u0142nierzy broni\u0105cych naszej wschodniej granicy przed hybrydowymi atakami Rosji i Bia\u0142orusi. Skandaliczne, ale przede wszystkim nieprawdziwe wypowiedzi lewicowo-liberalnych elit, kt\u00f3rych emanacj\u0105 jest m.in. film Agnieszki Holland \u201eZielona granica&#8221;, nosz\u0105 znamiona zdrady stanu i jako takie powinny podlega\u0107 ocenie prawnej.<\/p>\n<p style=\"text-align: justify;\">NSZZ \u201eSolidarno\u015b\u0107&#8221; wielokrotnie i z najwy\u017cszym szacunkiem odnosi\u0142 si\u0119 do zaanga\u017cowania, profesjonalizmu i etyki s\u0142u\u017cb chroni\u0105cych polskich wschodnich granic. Wyrazem tego jest m.in. decyzja Redakcji Tygodnika Solidarno\u015b\u0107, kt\u00f3ra przyzna\u0142a tytu\u0142 Cz\u0142owieka Roku 2021 i 2022 \u201eTygodnika Solidarno\u015b\u0107&#8221; funkcjonariuszom i \u017co\u0142nierzom pe\u0142ni\u0105cym tam s\u0142u\u017cb\u0119.<\/p>\n<p style=\"text-align: justify;\">Przypominamy r\u00f3wnie\u017c, \u017ce dzia\u0142ania naszego Zwi\u0105zku nie ograniczy\u0142y si\u0119 tylko do wsparcia moralnego. Z ogromnym zaanga\u017cowaniem Zwi\u0105zek nasz wspiera\u0142 budow\u0119 zapory na granicy z Bia\u0142orusi\u0105, kt\u00f3ra to w\u0142a\u015bnie dzi\u0119ki \u201eSolidarno\u015bci&#8221; zbudowana zosta\u0142a przez polskie firmy i z polskich materia\u0142\u00f3w.<\/p>\n<p style=\"text-align: justify;\">Prezydium Komisji Krajowej wyra\u017ca wdzi\u0119czno\u015b\u0107, szacunek i swoj\u0105 solidarno\u015b\u0107 wobec ludzi, kt\u00f3rzy chroni\u0105 nasze spo\u0142ecze\u0144stwo przed agresj\u0105. Jednocze\u015bnie wzywamy do zaprzestania szkalowania naszych bohater\u00f3w i \u017c\u0105damy bezzw\u0142ocznego \u015bcigania tych, kt\u00f3rzy, pos\u0142uguj\u0105c si\u0119 k\u0142amstwem, buduj\u0105 nieprawdziwy obraz sytuacji na wschodniej granicy. \u017b\u0105damy te\u017c, aby mieni\u0105cy si\u0119 demokratami politycy ugrupowa\u0144 opozycyjnych w spos\u00f3b jednoznaczny okre\u015blili swoje stanowisko wobec atak\u00f3w na polskich funkcjonariuszy i \u017co\u0142nierzy oraz samego filmu Agnieszki Holland \u201eZielona granica&#8221;.<\/p>\n","protected":false},"excerpt":{"rendered":"<p>Prezydium Komisji Krajowej Niezale\u017cnego Samorz\u0105dnego Zwi\u0105zku Zawodowego \u201eSolidarno\u015b\u0107&#8221; nie znajduje wystarczaj\u0105co ostrych s\u0142\u00f3w, aby wyrazi\u0107 oburzenie wobec atak\u00f3w niekt\u00f3rych polityk\u00f3w i \u015brodowisk na polskich funkcjonariuszy i \u017co\u0142nierzy broni\u0105cych naszej wschodniej granicy przed hybrydowymi atakami Rosji i Bia\u0142orusi. Skandaliczne, ale przede wszystkim nieprawdziwe wypowiedzi lewicowo-liberalnych elit, kt\u00f3rych emanacj\u0105 jest m.in. film Agnieszki Holland \u201eZielona granica&#8221;, nosz\u0105 [&hellip;]<\/p>\n","protected":false},"author":3,"featured_media":0,"comment_status":"closed","ping_status":"closed","sticky":false,"template":"","format":"standard","meta":{"footnotes":""},"categories":[94],"tags":[2627,2626,534,63,535],"class_list":["post-10935","post","type-post","status-publish","format-standard","hentry","category-2023prezydium","tag-1-23","tag-2626","tag-prezydium","tag-stanowisko","tag-stanowisko-prezydium"],"_links":{"self":[{"href":"https:\/\/www.solidarnosc.org.pl\/dok\/wp-json\/wp\/v2\/posts\/10935","targetHints":{"allow":["GET"]}}],"collection":[{"href":"https:\/\/www.solidarnosc.org.pl\/dok\/wp-json\/wp\/v2\/posts"}],"about":[{"href":"https:\/\/www.solidarnosc.org.pl\/dok\/wp-json\/wp\/v2\/types\/post"}],"author":[{"embeddable":true,"href":"https:\/\/www.solidarnosc.org.pl\/dok\/wp-json\/wp\/v2\/users\/3"}],"replies":[{"embeddable":true,"href":"https:\/\/www.solidarnosc.org.pl\/dok\/wp-json\/wp\/v2\/comments?post=10935"}],"version-history":[{"count":1,"href":"https:\/\/www.solidarnosc.org.pl\/dok\/wp-json\/wp\/v2\/posts\/10935\/revisions"}],"predecessor-version":[{"id":10937,"href":"https:\/\/www.solidarnosc.org.pl\/dok\/wp-json\/wp\/v2\/posts\/10935\/revisions\/10937"}],"wp:attachment":[{"href":"https:\/\/www.solidarnosc.org.pl\/dok\/wp-json\/wp\/v2\/media?parent=10935"}],"wp:term":[{"taxonomy":"category","embeddable":true,"href":"https:\/\/www.solidarnosc.org.pl\/dok\/wp-json\/wp\/v2\/categories?post=10935"},{"taxonomy":"post_tag","embeddable":true,"href":"https:\/\/www.solidarnosc.org.pl\/dok\/wp-json\/wp\/v2\/tags?post=10935"}],"curies":[{"name":"wp","href":"https:\/\/api.w.org\/{rel}","templated":true}]}}