{"id":10909,"date":"2023-09-07T20:28:00","date_gmt":"2023-09-07T18:28:00","guid":{"rendered":"https:\/\/www.solidarnosc.org.pl\/dok\/?p=10909"},"modified":"2023-09-11T12:15:20","modified_gmt":"2023-09-11T10:15:20","slug":"stanowisko-kk-nr-6-23-ws-udzialu-w-wyborach-parlamentarnych-i-referendum","status":"publish","type":"post","link":"https:\/\/www.solidarnosc.org.pl\/dok\/2023\/09\/07\/stanowisko-kk-nr-6-23-ws-udzialu-w-wyborach-parlamentarnych-i-referendum\/","title":{"rendered":"Stanowisko KK nr 6\/23 ws. udzia\u0142u w wyborach parlamentarnych i referendum"},"content":{"rendered":"<p style=\"text-align: justify;\">Komisja Krajowa Niezale\u017cnego Samorz\u0105dnego Zwi\u0105zku Zawodowego \u201eSolidarno\u015b\u0107\u201d apeluje o liczny udzia\u0142 w nadchodz\u0105cych wyborach i po\u0142\u0105czonym z nimi referendum.<br \/>\nW spos\u00f3b szczeg\u00f3lny zach\u0119camy do udzia\u0142u w referendum \u2013 najbardziej bezpo\u015bredniej formie demokracji \u2013 kt\u00f3ra powinna by\u0107 na sta\u0142e powi\u0105zana z wyborami \u2013 tak aby\u015bmy jako obywatele mieli mo\u017cliwo\u015b\u0107 wypowiadania si\u0119 w najwa\u017cniejszych sprawach bez podejmowania ogromnego wysi\u0142ku na rzecz organizowania komitet\u00f3w obywatelskich i zbierania podpis\u00f3w.<br \/>\nDzi\u0119ki staraniom NSZZ \u201eSolidarno\u015b\u0107\u201d jedno z pyta\u0144 referendalnych dotyczy wieku emerytalnego. Dla naszego Zwi\u0105zku jest to odsuni\u0119te w czasie g\u0142osowanie, pod kt\u00f3rym jedena\u015bcie lat temu \u201eSolidarno\u015b\u0107\u201d, walcz\u0105c z wyd\u0142u\u017ceniem wieku emerytalnego, zebra\u0142a ponad 3,5 mln podpis\u00f3w. Ironi\u0105 losu jest to, \u017ce tacy ludzie jak \u00f3wczesny premier Donald Tusk, kt\u00f3ry nazywaj\u0105c nas wtedy p\u0119takami i wyrzucaj\u0105c ogromny spo\u0142eczny wysi\u0142ek do kosza, dzisiaj nadal wzywa do tego samego. To dow\u00f3d, \u017ce tacy ludzie nigdy si\u0119 nie zmieniaj\u0105.<br \/>\nZbli\u017caj\u0105ce si\u0119 wybory parlamentarne i po\u0142\u0105czone z nimi referendum, to nie tylko wielkie \u015bwi\u0119to demokracji, to r\u00f3wnie\u017c wa\u017cny obywatelski obowi\u0105zek i odpowiedzialno\u015b\u0107. R\u00f3wnie\u017c wobec wielkich geopolitycznych zawirowa\u0144, gro\u017anych dla bezpiecze\u0144stwa i przysz\u0142o\u015bci Polski. Komisja Krajowa NSZZ \u201eSolidarno\u015b\u0107\u201d tradycyjnie nie wskazuje na kogo nale\u017cy g\u0142osowa\u0107, ufaj\u0105c w m\u0105dro\u015b\u0107 swoich cz\u0142onk\u00f3w, sympatyk\u00f3w i ca\u0142ego spo\u0142ecze\u0144stwa. Prosimy jednak, aby podejmuj\u0105c decyzje przy urnach wyborczych i referendalnych, odrzuca\u0107 tych, kt\u00f3rzy wielokrotnie k\u0142amali, nie dotrzymywali obietnic czy sprzeniewierzali si\u0119 postulatom \u201eSolidarno\u015bci\u201d. Nawet je\u015bli dzisiaj m\u00f3wi\u0105 co\u015b innego. Wiele z tych postulat\u00f3w uda\u0142o si\u0119 zrealizowa\u0107 i wa\u017cne jest, czy ludzie, kt\u00f3rych wybierzemy, zechc\u0105 to zachowa\u0107.<\/p>\n","protected":false},"excerpt":{"rendered":"<p>Komisja Krajowa Niezale\u017cnego Samorz\u0105dnego Zwi\u0105zku Zawodowego \u201eSolidarno\u015b\u0107\u201d apeluje o liczny udzia\u0142 w nadchodz\u0105cych wyborach i po\u0142\u0105czonym z nimi referendum. W spos\u00f3b szczeg\u00f3lny zach\u0119camy do udzia\u0142u w referendum \u2013 najbardziej bezpo\u015bredniej formie demokracji \u2013 kt\u00f3ra powinna by\u0107 na sta\u0142e powi\u0105zana z wyborami \u2013 tak aby\u015bmy jako obywatele mieli mo\u017cliwo\u015b\u0107 wypowiadania si\u0119 w najwa\u017cniejszych sprawach bez podejmowania [&hellip;]<\/p>\n","protected":false},"author":3,"featured_media":0,"comment_status":"closed","ping_status":"closed","sticky":false,"template":"","format":"standard","meta":{"footnotes":""},"categories":[3231],"tags":[2626,2632,98,63],"class_list":["post-10909","post","type-post","status-publish","format-standard","hentry","category-2023-kk","tag-2626","tag-6-23","tag-kk","tag-stanowisko"],"_links":{"self":[{"href":"https:\/\/www.solidarnosc.org.pl\/dok\/wp-json\/wp\/v2\/posts\/10909","targetHints":{"allow":["GET"]}}],"collection":[{"href":"https:\/\/www.solidarnosc.org.pl\/dok\/wp-json\/wp\/v2\/posts"}],"about":[{"href":"https:\/\/www.solidarnosc.org.pl\/dok\/wp-json\/wp\/v2\/types\/post"}],"author":[{"embeddable":true,"href":"https:\/\/www.solidarnosc.org.pl\/dok\/wp-json\/wp\/v2\/users\/3"}],"replies":[{"embeddable":true,"href":"https:\/\/www.solidarnosc.org.pl\/dok\/wp-json\/wp\/v2\/comments?post=10909"}],"version-history":[{"count":3,"href":"https:\/\/www.solidarnosc.org.pl\/dok\/wp-json\/wp\/v2\/posts\/10909\/revisions"}],"predecessor-version":[{"id":10915,"href":"https:\/\/www.solidarnosc.org.pl\/dok\/wp-json\/wp\/v2\/posts\/10909\/revisions\/10915"}],"wp:attachment":[{"href":"https:\/\/www.solidarnosc.org.pl\/dok\/wp-json\/wp\/v2\/media?parent=10909"}],"wp:term":[{"taxonomy":"category","embeddable":true,"href":"https:\/\/www.solidarnosc.org.pl\/dok\/wp-json\/wp\/v2\/categories?post=10909"},{"taxonomy":"post_tag","embeddable":true,"href":"https:\/\/www.solidarnosc.org.pl\/dok\/wp-json\/wp\/v2\/tags?post=10909"}],"curies":[{"name":"wp","href":"https:\/\/api.w.org\/{rel}","templated":true}]}}