{"id":1088,"date":"1993-06-27T12:04:52","date_gmt":"1993-06-27T10:04:52","guid":{"rendered":"http:\/\/www.solidarnosc.org.pl\/dok\/?p=1088"},"modified":"2012-10-02T12:06:04","modified_gmt":"2012-10-02T10:06:04","slug":"uchwala-v-kzd-nr-181993-ws-kampanii-wyborczej","status":"publish","type":"post","link":"https:\/\/www.solidarnosc.org.pl\/dok\/1993\/06\/27\/uchwala-v-kzd-nr-181993-ws-kampanii-wyborczej\/","title":{"rendered":"Uchwa\u0142a V KZD nr 18\/1993 ws. kampanii wyborczej"},"content":{"rendered":"<p style=\"text-align: justify;\">Kampania wyborcza NSZZ \u201eSolidarno\u015b\u0107\u201d powinna s\u0142u\u017cy\u0107 pokazaniu spo\u0142ecze\u0144stwu roli i mo\u017cliwo\u015bci zwi\u0105zk\u00f3w zawodowych w przekszta\u0142caj\u0105cym si\u0119 spo\u0142ecze\u0144stwie. Liczne<br \/>\ni dobrze zorganizowane zwi\u0105zki zawodowe wp\u0142ywaj\u0105 w spos\u00f3b znacz\u0105cy na wyb\u00f3r kierunk\u00f3w procesu przekszta\u0142ce\u0144 gospodarczych, a tak\u017ce gwarantuj\u0105 ochron\u0119 s\u0142abszych grup spo\u0142ecznych przed obci\u0105\u017caniem ich kosztami reform, kt\u00f3re w skrajnym przypadku mog\u0105 doprowadzi\u0107 do ich degradacji cywilizacyjnej. Do\u015bwiadczenia \u015bwiatowe wskazuj\u0105, \u017ce rozwi\u0105zania ustrojowe typu oligarchicznego nie poddaj\u0105 si\u0119 modyfikacj\u0105 na drodze pokojowej.<\/p>\n<p style=\"text-align: justify;\">Rol\u0105 naszego Zwi\u0105zku jest zatem odwr\u00f3cenie wyra\u017anie rysuj\u0105cych si\u0119 tendencji do spychania Kraju w tym niebezpiecznym kierunku. Ugrupowania polityczne, kt\u00f3re zapowiadaj\u0105 publicznie zamiar ograniczenia tak rozumianej roli zwi\u0105zk\u00f3w zawodowych, ostrzegamy, \u017ce stoj\u0105 na przegranej pozycji, gdy\u017c nawet system totalitarny nie zdo\u0142a\u0142 przeciwstawi\u0107 si\u0119 naturalnym tendencjom do wp\u0142ywania zorganizowanych grup pracownik\u00f3w na \u017cycie polityczne.<\/p>\n","protected":false},"excerpt":{"rendered":"<p>Kampania wyborcza NSZZ \u201eSolidarno\u015b\u0107\u201d powinna s\u0142u\u017cy\u0107 pokazaniu spo\u0142ecze\u0144stwu roli i mo\u017cliwo\u015bci zwi\u0105zk\u00f3w zawodowych w przekszta\u0142caj\u0105cym si\u0119 spo\u0142ecze\u0144stwie. Liczne i dobrze zorganizowane zwi\u0105zki zawodowe wp\u0142ywaj\u0105 w spos\u00f3b znacz\u0105cy na wyb\u00f3r kierunk\u00f3w procesu przekszta\u0142ce\u0144 gospodarczych, a tak\u017ce gwarantuj\u0105 ochron\u0119 s\u0142abszych grup spo\u0142ecznych przed obci\u0105\u017caniem ich kosztami reform, kt\u00f3re w skrajnym przypadku mog\u0105 doprowadzi\u0107 do ich degradacji cywilizacyjnej. [&hellip;]<\/p>\n","protected":false},"author":3,"featured_media":0,"comment_status":"closed","ping_status":"closed","sticky":false,"template":"","format":"standard","meta":{"footnotes":""},"categories":[24,16],"tags":[2824,2800,2636,62,2638,2802],"class_list":["post-1088","post","type-post","status-publish","format-standard","hentry","category-5kzd","category-dokkzd","tag-18-1993","tag-2800","tag-kzd","tag-uchwala","tag-uchwala-kzd","tag-v-kzd"],"_links":{"self":[{"href":"https:\/\/www.solidarnosc.org.pl\/dok\/wp-json\/wp\/v2\/posts\/1088","targetHints":{"allow":["GET"]}}],"collection":[{"href":"https:\/\/www.solidarnosc.org.pl\/dok\/wp-json\/wp\/v2\/posts"}],"about":[{"href":"https:\/\/www.solidarnosc.org.pl\/dok\/wp-json\/wp\/v2\/types\/post"}],"author":[{"embeddable":true,"href":"https:\/\/www.solidarnosc.org.pl\/dok\/wp-json\/wp\/v2\/users\/3"}],"replies":[{"embeddable":true,"href":"https:\/\/www.solidarnosc.org.pl\/dok\/wp-json\/wp\/v2\/comments?post=1088"}],"version-history":[{"count":1,"href":"https:\/\/www.solidarnosc.org.pl\/dok\/wp-json\/wp\/v2\/posts\/1088\/revisions"}],"predecessor-version":[{"id":1090,"href":"https:\/\/www.solidarnosc.org.pl\/dok\/wp-json\/wp\/v2\/posts\/1088\/revisions\/1090"}],"wp:attachment":[{"href":"https:\/\/www.solidarnosc.org.pl\/dok\/wp-json\/wp\/v2\/media?parent=1088"}],"wp:term":[{"taxonomy":"category","embeddable":true,"href":"https:\/\/www.solidarnosc.org.pl\/dok\/wp-json\/wp\/v2\/categories?post=1088"},{"taxonomy":"post_tag","embeddable":true,"href":"https:\/\/www.solidarnosc.org.pl\/dok\/wp-json\/wp\/v2\/tags?post=1088"}],"curies":[{"name":"wp","href":"https:\/\/api.w.org\/{rel}","templated":true}]}}