{"id":1085,"date":"1993-06-27T12:02:54","date_gmt":"1993-06-27T10:02:54","guid":{"rendered":"http:\/\/www.solidarnosc.org.pl\/dok\/?p=1085"},"modified":"2012-10-02T12:04:45","modified_gmt":"2012-10-02T10:04:45","slug":"uchwala-v-kzd-nr-171993-ws-wykorzystania-pomieszczen-zwiazku-dla-prowadzenia-kampanii-wyborczej","status":"publish","type":"post","link":"https:\/\/www.solidarnosc.org.pl\/dok\/1993\/06\/27\/uchwala-v-kzd-nr-171993-ws-wykorzystania-pomieszczen-zwiazku-dla-prowadzenia-kampanii-wyborczej\/","title":{"rendered":"Uchwa\u0142a V KZD nr 17\/1993 ws. wykorzystania pomieszcze\u0144 Zwi\u0105zku dla prowadzenia kampanii wyborczej"},"content":{"rendered":"<p style=\"text-align: justify;\">\u017badna struktura Zwi\u0105zku nie mo\u017ce wykorzystywa\u0107 \u015brodka finansowego, maj\u0105tku<br \/>\ni pomieszcze\u0144 Zwi\u0105zku jak r\u00f3wnie informacji wewn\u0105trzzwi\u0105zkowej dla prowadzenia kampanii wyborczej dla jakiegokolwiek kandydata do parlamentu, kt\u00f3ry nie by\u0142 wystawiony przez NSZZ \u201eSolidarno\u015b\u0107\u201d.<\/p>\n","protected":false},"excerpt":{"rendered":"<p>\u017badna struktura Zwi\u0105zku nie mo\u017ce wykorzystywa\u0107 \u015brodka finansowego, maj\u0105tku i pomieszcze\u0144 Zwi\u0105zku jak r\u00f3wnie informacji wewn\u0105trzzwi\u0105zkowej dla prowadzenia kampanii wyborczej dla jakiegokolwiek kandydata do parlamentu, kt\u00f3ry nie by\u0142 wystawiony przez NSZZ \u201eSolidarno\u015b\u0107\u201d.<\/p>\n","protected":false},"author":3,"featured_media":0,"comment_status":"closed","ping_status":"closed","sticky":false,"template":"","format":"standard","meta":{"footnotes":""},"categories":[24,16],"tags":[2823,2800,2636,62,2638,2802],"class_list":["post-1085","post","type-post","status-publish","format-standard","hentry","category-5kzd","category-dokkzd","tag-17-1993","tag-2800","tag-kzd","tag-uchwala","tag-uchwala-kzd","tag-v-kzd"],"_links":{"self":[{"href":"https:\/\/www.solidarnosc.org.pl\/dok\/wp-json\/wp\/v2\/posts\/1085","targetHints":{"allow":["GET"]}}],"collection":[{"href":"https:\/\/www.solidarnosc.org.pl\/dok\/wp-json\/wp\/v2\/posts"}],"about":[{"href":"https:\/\/www.solidarnosc.org.pl\/dok\/wp-json\/wp\/v2\/types\/post"}],"author":[{"embeddable":true,"href":"https:\/\/www.solidarnosc.org.pl\/dok\/wp-json\/wp\/v2\/users\/3"}],"replies":[{"embeddable":true,"href":"https:\/\/www.solidarnosc.org.pl\/dok\/wp-json\/wp\/v2\/comments?post=1085"}],"version-history":[{"count":1,"href":"https:\/\/www.solidarnosc.org.pl\/dok\/wp-json\/wp\/v2\/posts\/1085\/revisions"}],"predecessor-version":[{"id":1087,"href":"https:\/\/www.solidarnosc.org.pl\/dok\/wp-json\/wp\/v2\/posts\/1085\/revisions\/1087"}],"wp:attachment":[{"href":"https:\/\/www.solidarnosc.org.pl\/dok\/wp-json\/wp\/v2\/media?parent=1085"}],"wp:term":[{"taxonomy":"category","embeddable":true,"href":"https:\/\/www.solidarnosc.org.pl\/dok\/wp-json\/wp\/v2\/categories?post=1085"},{"taxonomy":"post_tag","embeddable":true,"href":"https:\/\/www.solidarnosc.org.pl\/dok\/wp-json\/wp\/v2\/tags?post=1085"}],"curies":[{"name":"wp","href":"https:\/\/api.w.org\/{rel}","templated":true}]}}