{"id":1079,"date":"1993-06-27T11:59:25","date_gmt":"1993-06-27T09:59:25","guid":{"rendered":"http:\/\/www.solidarnosc.org.pl\/dok\/?p=1079"},"modified":"2012-10-02T12:01:09","modified_gmt":"2012-10-02T10:01:09","slug":"uchwala-v-kzd-nr-151993-ws-poparcia-dla-strajkujacych-w-zakladach-porcelany-walbrzych-s-a","status":"publish","type":"post","link":"https:\/\/www.solidarnosc.org.pl\/dok\/1993\/06\/27\/uchwala-v-kzd-nr-151993-ws-poparcia-dla-strajkujacych-w-zakladach-porcelany-walbrzych-s-a\/","title":{"rendered":"Uchwa\u0142a V KZD nr 15\/1993 ws. poparcia dla strajkuj\u0105cych w Zak\u0142adach Porcelany &#8222;Wa\u0142brzych&#8221; S.A."},"content":{"rendered":"<p style=\"text-align: justify;\">Krajowy Zjazd Delegat\u00f3w NSZZ \u201eSolidarno\u015b\u0107\u201d apeluje do wszystkich struktur zwi\u0105zkowych i cz\u0142onk\u00f3w Zwi\u0105zku o wsparcie organizacyjne i materialne strajkuj\u0105cych<br \/>\nw Zak\u0142adach Porcelany \u201eWa\u0142brzych\u201d S.A. w Wa\u0142brzychu.<\/p>\n","protected":false},"excerpt":{"rendered":"<p>Krajowy Zjazd Delegat\u00f3w NSZZ \u201eSolidarno\u015b\u0107\u201d apeluje do wszystkich struktur zwi\u0105zkowych i cz\u0142onk\u00f3w Zwi\u0105zku o wsparcie organizacyjne i materialne strajkuj\u0105cych w Zak\u0142adach Porcelany \u201eWa\u0142brzych\u201d S.A. w Wa\u0142brzychu.<\/p>\n","protected":false},"author":3,"featured_media":0,"comment_status":"closed","ping_status":"closed","sticky":false,"template":"","format":"standard","meta":{"footnotes":""},"categories":[24,16],"tags":[2821,2800,2636,62,2638,2802],"class_list":["post-1079","post","type-post","status-publish","format-standard","hentry","category-5kzd","category-dokkzd","tag-15-1993","tag-2800","tag-kzd","tag-uchwala","tag-uchwala-kzd","tag-v-kzd"],"_links":{"self":[{"href":"https:\/\/www.solidarnosc.org.pl\/dok\/wp-json\/wp\/v2\/posts\/1079","targetHints":{"allow":["GET"]}}],"collection":[{"href":"https:\/\/www.solidarnosc.org.pl\/dok\/wp-json\/wp\/v2\/posts"}],"about":[{"href":"https:\/\/www.solidarnosc.org.pl\/dok\/wp-json\/wp\/v2\/types\/post"}],"author":[{"embeddable":true,"href":"https:\/\/www.solidarnosc.org.pl\/dok\/wp-json\/wp\/v2\/users\/3"}],"replies":[{"embeddable":true,"href":"https:\/\/www.solidarnosc.org.pl\/dok\/wp-json\/wp\/v2\/comments?post=1079"}],"version-history":[{"count":1,"href":"https:\/\/www.solidarnosc.org.pl\/dok\/wp-json\/wp\/v2\/posts\/1079\/revisions"}],"predecessor-version":[{"id":1081,"href":"https:\/\/www.solidarnosc.org.pl\/dok\/wp-json\/wp\/v2\/posts\/1079\/revisions\/1081"}],"wp:attachment":[{"href":"https:\/\/www.solidarnosc.org.pl\/dok\/wp-json\/wp\/v2\/media?parent=1079"}],"wp:term":[{"taxonomy":"category","embeddable":true,"href":"https:\/\/www.solidarnosc.org.pl\/dok\/wp-json\/wp\/v2\/categories?post=1079"},{"taxonomy":"post_tag","embeddable":true,"href":"https:\/\/www.solidarnosc.org.pl\/dok\/wp-json\/wp\/v2\/tags?post=1079"}],"curies":[{"name":"wp","href":"https:\/\/api.w.org\/{rel}","templated":true}]}}