{"id":1075,"date":"1993-06-27T11:56:57","date_gmt":"1993-06-27T09:56:57","guid":{"rendered":"http:\/\/www.solidarnosc.org.pl\/dok\/?p=1075"},"modified":"2012-10-02T11:58:25","modified_gmt":"2012-10-02T09:58:25","slug":"uchwala-v-kzd-nr-141993-ws-patologii-w-procesie-przeksztalcen-wlasnosciowych","status":"publish","type":"post","link":"https:\/\/www.solidarnosc.org.pl\/dok\/1993\/06\/27\/uchwala-v-kzd-nr-141993-ws-patologii-w-procesie-przeksztalcen-wlasnosciowych\/","title":{"rendered":"Uchwa\u0142a V KZD nr 14\/1993 ws. patologii w procesie przekszta\u0142ce\u0144 w\u0142asno\u015bciowych"},"content":{"rendered":"<p style=\"text-align: justify;\">Krajowy Zjazd Delegat\u00f3w wyra\u017ca sw\u00f3j sprzeciw wobec zjawisk patologicznych<br \/>\nw procesie przekszta\u0142ce\u0144 w\u0142asno\u015bciowych.<\/p>\n<p style=\"text-align: justify;\">Kontynuacja procesu przekszta\u0142ce\u0144 w\u0142asno\u015bciowych z dopuszczaniem wy\u0142udzania maj\u0105tku narodowego, brakiem ochrony interes\u00f3w Skarbu Pa\u0144stwa, za\u0142\u00f3g pracowniczych oraz ca\u0142ego spo\u0142ecze\u0144stwa jest nie do przyj\u0119cia. Jednym z drastycznych przyk\u0142ad\u00f3w takich zjawisk jest sytuacja w Zak\u0142adach porcelany \u201eWa\u0142brzych\u201d S.A. w Wa\u0142brzychu. Od d\u0142u\u017cszego czasu,<br \/>\na tak\u017ce obecnie w czasie obrad V Krajowego Zjazdu Delegat\u00f3w NSZZ \u201eSolidarno\u015b\u0107\u201d trwa czynna akcja strajkowa w obronie maj\u0105tku narodowego.<\/p>\n<p style=\"text-align: justify;\">Krajowy Zjazd Delegat\u00f3w NSZZ \u201eSolidarno\u015b\u0107\u201d \u017c\u0105da od wszystkich urz\u0119d\u00f3w<br \/>\ni instytucji, od kt\u00f3rych zale\u017cy przebieg proces\u00f3w przekszta\u0142ce\u0144 w\u0142asno\u015bciowych, podj\u0119cia szybkich i skutecznych dzia\u0142a\u0144 zapobiegaj\u0105cych patologiom tego procesu.<\/p>\n","protected":false},"excerpt":{"rendered":"<p>Krajowy Zjazd Delegat\u00f3w wyra\u017ca sw\u00f3j sprzeciw wobec zjawisk patologicznych w procesie przekszta\u0142ce\u0144 w\u0142asno\u015bciowych. Kontynuacja procesu przekszta\u0142ce\u0144 w\u0142asno\u015bciowych z dopuszczaniem wy\u0142udzania maj\u0105tku narodowego, brakiem ochrony interes\u00f3w Skarbu Pa\u0144stwa, za\u0142\u00f3g pracowniczych oraz ca\u0142ego spo\u0142ecze\u0144stwa jest nie do przyj\u0119cia. Jednym z drastycznych przyk\u0142ad\u00f3w takich zjawisk jest sytuacja w Zak\u0142adach porcelany \u201eWa\u0142brzych\u201d S.A. w Wa\u0142brzychu. Od d\u0142u\u017cszego czasu, a [&hellip;]<\/p>\n","protected":false},"author":3,"featured_media":0,"comment_status":"closed","ping_status":"closed","sticky":false,"template":"","format":"standard","meta":{"footnotes":""},"categories":[24,16],"tags":[2820,2800,2636,62,2638,2802],"class_list":["post-1075","post","type-post","status-publish","format-standard","hentry","category-5kzd","category-dokkzd","tag-14-1993","tag-2800","tag-kzd","tag-uchwala","tag-uchwala-kzd","tag-v-kzd"],"_links":{"self":[{"href":"https:\/\/www.solidarnosc.org.pl\/dok\/wp-json\/wp\/v2\/posts\/1075","targetHints":{"allow":["GET"]}}],"collection":[{"href":"https:\/\/www.solidarnosc.org.pl\/dok\/wp-json\/wp\/v2\/posts"}],"about":[{"href":"https:\/\/www.solidarnosc.org.pl\/dok\/wp-json\/wp\/v2\/types\/post"}],"author":[{"embeddable":true,"href":"https:\/\/www.solidarnosc.org.pl\/dok\/wp-json\/wp\/v2\/users\/3"}],"replies":[{"embeddable":true,"href":"https:\/\/www.solidarnosc.org.pl\/dok\/wp-json\/wp\/v2\/comments?post=1075"}],"version-history":[{"count":1,"href":"https:\/\/www.solidarnosc.org.pl\/dok\/wp-json\/wp\/v2\/posts\/1075\/revisions"}],"predecessor-version":[{"id":1077,"href":"https:\/\/www.solidarnosc.org.pl\/dok\/wp-json\/wp\/v2\/posts\/1075\/revisions\/1077"}],"wp:attachment":[{"href":"https:\/\/www.solidarnosc.org.pl\/dok\/wp-json\/wp\/v2\/media?parent=1075"}],"wp:term":[{"taxonomy":"category","embeddable":true,"href":"https:\/\/www.solidarnosc.org.pl\/dok\/wp-json\/wp\/v2\/categories?post=1075"},{"taxonomy":"post_tag","embeddable":true,"href":"https:\/\/www.solidarnosc.org.pl\/dok\/wp-json\/wp\/v2\/tags?post=1075"}],"curies":[{"name":"wp","href":"https:\/\/api.w.org\/{rel}","templated":true}]}}