{"id":10722,"date":"2023-06-20T11:33:00","date_gmt":"2023-06-20T09:33:00","guid":{"rendered":"https:\/\/www.solidarnosc.org.pl\/dok\/?p=10722"},"modified":"2023-06-29T11:35:59","modified_gmt":"2023-06-29T09:35:59","slug":"decyzja-prezydium-kk-nr-81-23-ws-warunkow-udzialu-w-przetargu-dot-sprzedazy-nieruchomosci-niezabudowanej-polozonej-w-kudowie-zdroj","status":"publish","type":"post","link":"https:\/\/www.solidarnosc.org.pl\/dok\/2023\/06\/20\/decyzja-prezydium-kk-nr-81-23-ws-warunkow-udzialu-w-przetargu-dot-sprzedazy-nieruchomosci-niezabudowanej-polozonej-w-kudowie-zdroj\/","title":{"rendered":"Decyzja Prezydium KK nr 81\/23 ws. warunk\u00f3w udzia\u0142u w przetargu dot. sprzeda\u017cy nieruchomo\u015bci niezabudowanej po\u0142o\u017conej w Kudowie \u2013 Zdr\u00f3j"},"content":{"rendered":"\n<p>(do u\u017cytku s\u0142u\u017cbowego)<\/p>\n","protected":false},"excerpt":{"rendered":"<p>(do u\u017cytku s\u0142u\u017cbowego)<\/p>\n","protected":false},"author":3,"featured_media":0,"comment_status":"closed","ping_status":"closed","sticky":false,"template":"","format":"standard","meta":{"footnotes":""},"categories":[94],"tags":[2626,3285,61,536,534],"class_list":["post-10722","post","type-post","status-publish","format-standard","hentry","category-2023prezydium","tag-2626","tag-81-23","tag-decyzja","tag-decyzja-prezydium","tag-prezydium"],"_links":{"self":[{"href":"https:\/\/www.solidarnosc.org.pl\/dok\/wp-json\/wp\/v2\/posts\/10722","targetHints":{"allow":["GET"]}}],"collection":[{"href":"https:\/\/www.solidarnosc.org.pl\/dok\/wp-json\/wp\/v2\/posts"}],"about":[{"href":"https:\/\/www.solidarnosc.org.pl\/dok\/wp-json\/wp\/v2\/types\/post"}],"author":[{"embeddable":true,"href":"https:\/\/www.solidarnosc.org.pl\/dok\/wp-json\/wp\/v2\/users\/3"}],"replies":[{"embeddable":true,"href":"https:\/\/www.solidarnosc.org.pl\/dok\/wp-json\/wp\/v2\/comments?post=10722"}],"version-history":[{"count":1,"href":"https:\/\/www.solidarnosc.org.pl\/dok\/wp-json\/wp\/v2\/posts\/10722\/revisions"}],"predecessor-version":[{"id":10724,"href":"https:\/\/www.solidarnosc.org.pl\/dok\/wp-json\/wp\/v2\/posts\/10722\/revisions\/10724"}],"wp:attachment":[{"href":"https:\/\/www.solidarnosc.org.pl\/dok\/wp-json\/wp\/v2\/media?parent=10722"}],"wp:term":[{"taxonomy":"category","embeddable":true,"href":"https:\/\/www.solidarnosc.org.pl\/dok\/wp-json\/wp\/v2\/categories?post=10722"},{"taxonomy":"post_tag","embeddable":true,"href":"https:\/\/www.solidarnosc.org.pl\/dok\/wp-json\/wp\/v2\/tags?post=10722"}],"curies":[{"name":"wp","href":"https:\/\/api.w.org\/{rel}","templated":true}]}}