{"id":10717,"date":"2023-06-27T09:22:55","date_gmt":"2023-06-27T07:22:55","guid":{"rendered":"https:\/\/www.solidarnosc.org.pl\/dok\/?p=10717"},"modified":"2023-06-29T09:26:22","modified_gmt":"2023-06-29T07:26:22","slug":"decyzja-prezydium-kk-nr-83-23-ws-zawarcia-umowy-dzierzawy-nieruchomosci-dz-nr-31-12-oraz-31-5-o-pow-4-255-m2","status":"publish","type":"post","link":"https:\/\/www.solidarnosc.org.pl\/dok\/2023\/06\/27\/decyzja-prezydium-kk-nr-83-23-ws-zawarcia-umowy-dzierzawy-nieruchomosci-dz-nr-31-12-oraz-31-5-o-pow-4-255-m2\/","title":{"rendered":"Decyzja Prezydium KK nr 83\/23 ws. zawarcia umowy dzier\u017cawy nieruchomo\u015bci dz. nr 31\/12 oraz 31\/5 o pow. 4 255 m2"},"content":{"rendered":"<p>(do u\u017cytku s\u0142u\u017cbowego)<\/p>\n","protected":false},"excerpt":{"rendered":"<p>(do u\u017cytku s\u0142u\u017cbowego)<\/p>\n","protected":false},"author":3,"featured_media":0,"comment_status":"closed","ping_status":"closed","sticky":false,"template":"","format":"standard","meta":{"footnotes":""},"categories":[94],"tags":[2626,3284,61,536,534],"class_list":["post-10717","post","type-post","status-publish","format-standard","hentry","category-2023prezydium","tag-2626","tag-83-23","tag-decyzja","tag-decyzja-prezydium","tag-prezydium"],"_links":{"self":[{"href":"https:\/\/www.solidarnosc.org.pl\/dok\/wp-json\/wp\/v2\/posts\/10717","targetHints":{"allow":["GET"]}}],"collection":[{"href":"https:\/\/www.solidarnosc.org.pl\/dok\/wp-json\/wp\/v2\/posts"}],"about":[{"href":"https:\/\/www.solidarnosc.org.pl\/dok\/wp-json\/wp\/v2\/types\/post"}],"author":[{"embeddable":true,"href":"https:\/\/www.solidarnosc.org.pl\/dok\/wp-json\/wp\/v2\/users\/3"}],"replies":[{"embeddable":true,"href":"https:\/\/www.solidarnosc.org.pl\/dok\/wp-json\/wp\/v2\/comments?post=10717"}],"version-history":[{"count":1,"href":"https:\/\/www.solidarnosc.org.pl\/dok\/wp-json\/wp\/v2\/posts\/10717\/revisions"}],"predecessor-version":[{"id":10718,"href":"https:\/\/www.solidarnosc.org.pl\/dok\/wp-json\/wp\/v2\/posts\/10717\/revisions\/10718"}],"wp:attachment":[{"href":"https:\/\/www.solidarnosc.org.pl\/dok\/wp-json\/wp\/v2\/media?parent=10717"}],"wp:term":[{"taxonomy":"category","embeddable":true,"href":"https:\/\/www.solidarnosc.org.pl\/dok\/wp-json\/wp\/v2\/categories?post=10717"},{"taxonomy":"post_tag","embeddable":true,"href":"https:\/\/www.solidarnosc.org.pl\/dok\/wp-json\/wp\/v2\/tags?post=10717"}],"curies":[{"name":"wp","href":"https:\/\/api.w.org\/{rel}","templated":true}]}}