{"id":10699,"date":"2023-06-13T10:43:31","date_gmt":"2023-06-13T08:43:31","guid":{"rendered":"https:\/\/www.solidarnosc.org.pl\/dok\/?p=10699"},"modified":"2023-06-14T10:55:11","modified_gmt":"2023-06-14T08:55:11","slug":"decyzja-prezydium-kk-nr-75-23-ws-wykonania-praw-wlascicielskichw-ppuh-dekom-spolka-z-ograniczona-odpowiedzialnoscia-z-siedziba-w-gdansku","status":"publish","type":"post","link":"https:\/\/www.solidarnosc.org.pl\/dok\/2023\/06\/13\/decyzja-prezydium-kk-nr-75-23-ws-wykonania-praw-wlascicielskichw-ppuh-dekom-spolka-z-ograniczona-odpowiedzialnoscia-z-siedziba-w-gdansku\/","title":{"rendered":"Decyzja Prezydium KK nr 75\/23 ws. wykonania praw w\u0142a\u015bcicielskichw PPUH \u201eDEKOM\u201d Sp\u00f3\u0142ka z ograniczon\u0105 odpowiedzialno\u015bci\u0105 z siedzib\u0105 w Gda\u0144sku"},"content":{"rendered":"<p>do u\u017cytku s\u0142u\u017cbowego)<\/p>\n","protected":false},"excerpt":{"rendered":"<p>do u\u017cytku s\u0142u\u017cbowego)<\/p>\n","protected":false},"author":3,"featured_media":0,"comment_status":"closed","ping_status":"closed","sticky":false,"template":"","format":"standard","meta":{"footnotes":""},"categories":[94],"tags":[2626,3277,61,536,534],"class_list":["post-10699","post","type-post","status-publish","format-standard","hentry","category-2023prezydium","tag-2626","tag-75-23","tag-decyzja","tag-decyzja-prezydium","tag-prezydium"],"_links":{"self":[{"href":"https:\/\/www.solidarnosc.org.pl\/dok\/wp-json\/wp\/v2\/posts\/10699","targetHints":{"allow":["GET"]}}],"collection":[{"href":"https:\/\/www.solidarnosc.org.pl\/dok\/wp-json\/wp\/v2\/posts"}],"about":[{"href":"https:\/\/www.solidarnosc.org.pl\/dok\/wp-json\/wp\/v2\/types\/post"}],"author":[{"embeddable":true,"href":"https:\/\/www.solidarnosc.org.pl\/dok\/wp-json\/wp\/v2\/users\/3"}],"replies":[{"embeddable":true,"href":"https:\/\/www.solidarnosc.org.pl\/dok\/wp-json\/wp\/v2\/comments?post=10699"}],"version-history":[{"count":1,"href":"https:\/\/www.solidarnosc.org.pl\/dok\/wp-json\/wp\/v2\/posts\/10699\/revisions"}],"predecessor-version":[{"id":10700,"href":"https:\/\/www.solidarnosc.org.pl\/dok\/wp-json\/wp\/v2\/posts\/10699\/revisions\/10700"}],"wp:attachment":[{"href":"https:\/\/www.solidarnosc.org.pl\/dok\/wp-json\/wp\/v2\/media?parent=10699"}],"wp:term":[{"taxonomy":"category","embeddable":true,"href":"https:\/\/www.solidarnosc.org.pl\/dok\/wp-json\/wp\/v2\/categories?post=10699"},{"taxonomy":"post_tag","embeddable":true,"href":"https:\/\/www.solidarnosc.org.pl\/dok\/wp-json\/wp\/v2\/tags?post=10699"}],"curies":[{"name":"wp","href":"https:\/\/api.w.org\/{rel}","templated":true}]}}