{"id":10693,"date":"2023-05-31T09:25:31","date_gmt":"2023-05-31T07:25:31","guid":{"rendered":"https:\/\/www.solidarnosc.org.pl\/dok\/?p=10693"},"modified":"2023-06-06T09:35:09","modified_gmt":"2023-06-06T07:35:09","slug":"stanowisko-kk-nr-5-23-ws-sytuacji-w-ikea-industry-oddzial-w-lubawie","status":"publish","type":"post","link":"https:\/\/www.solidarnosc.org.pl\/dok\/2023\/05\/31\/stanowisko-kk-nr-5-23-ws-sytuacji-w-ikea-industry-oddzial-w-lubawie\/","title":{"rendered":"Stanowisko KK nr 5\/23 ws. sytuacji w IKEA Industry Oddzia\u0142 w Lubawie"},"content":{"rendered":"<p style=\"text-align: justify;\">Komisja Krajowa NSZZ \u201eSolidarno\u015b\u0107\u201d wyra\u017ca zdecydowany sprzeciw i oburzenie wobec \u0142amania praw pracowniczych obowi\u0105zuj\u0105cych w Polsce i lekcewa\u017c\u0105cego stosunku do legalnie dzia\u0142aj\u0105cych na terenie naszego kraju zwi\u0105zk\u00f3w zawodowych. Sytuacja taka ma obecnie miejsce w nale\u017c\u0105cych do Koncernu IKEA zak\u0142adach meblarskich IKEA Industry Poland sp. z o.o. Oddzia\u0142 w Lubawie (Region Warmi\u0144sko-Mazurski).<\/p>\n<p style=\"text-align: justify;\">Pracodawca, zwalniaj\u0105c niezgodnie z prawem Przewodnicz\u0105cego licz\u0105cej obecnie ponad p\u00f3\u0142 tysi\u0105ca cz\u0142onk\u00f3w Organizacji Zak\u0142adowej NSZZ \u201eSolidarno\u015b\u0107\u201d, kwestionuje nie tylko wynik przeprowadzonych zgodnie z Ordynacj\u0105 wyborcz\u0105 NSZZ \u201eSolidarno\u015b\u0107\u201d wybor\u00f3w w\u0142adz zak\u0142adowych NSZZ \u201eSolidarno\u015b\u0107\u201d na now\u0105 kadencj\u0119, ale r\u00f3wnie\u017c sam fakt przynale\u017cno\u015bci wybranej osoby do Zwi\u0105zku.<\/p>\n<p style=\"text-align: justify;\">Takie z gruntu naganne dzia\u0142anie ma miejsce mimo wykazywanej przez Zarz\u0105d Regionu Warmi\u0144sko-Mazurskiego NSZZ \u201eSolidarno\u015b\u0107\u201d oraz struktury bran\u017cowe dobrej woli i mimo potwierdzania stanu faktycznego funkcjonowania Organizacji Zak\u0142adowej NSZZ \u201eSolidarno\u015b\u0107\u201d.<\/p>\n<p style=\"text-align: justify;\">Komisja Krajowa NSZZ \u201eSolidarno\u015b\u0107\u201d \u017c\u0105da przestrzegania praw pracowniczych i zwi\u0105zkowych obowi\u0105zuj\u0105cych w naszym kraju, a ich \u0142amanie b\u0119dzie skutkowa\u0142o z naszej strony zdecydowanymi dzia\u0142aniami na szczeblu krajowym i mi\u0119dzynarodowym. Kwestionowanie prawa do samodzielnego i niezale\u017cnego okre\u015blania swoich przedstawicieli przez reprezentacj\u0119 pracownicz\u0105 do kontakt\u00f3w z Pracodawc\u0105 nie b\u0119dzie przez nasz Zwi\u0105zek tolerowane.<\/p>\n","protected":false},"excerpt":{"rendered":"<p>Komisja Krajowa NSZZ \u201eSolidarno\u015b\u0107\u201d wyra\u017ca zdecydowany sprzeciw i oburzenie wobec \u0142amania praw pracowniczych obowi\u0105zuj\u0105cych w Polsce i lekcewa\u017c\u0105cego stosunku do legalnie dzia\u0142aj\u0105cych na terenie naszego kraju zwi\u0105zk\u00f3w zawodowych. Sytuacja taka ma obecnie miejsce w nale\u017c\u0105cych do Koncernu IKEA zak\u0142adach meblarskich IKEA Industry Poland sp. z o.o. Oddzia\u0142 w Lubawie (Region Warmi\u0144sko-Mazurski). Pracodawca, zwalniaj\u0105c niezgodnie z [&hellip;]<\/p>\n","protected":false},"author":3,"featured_media":0,"comment_status":"closed","ping_status":"closed","sticky":false,"template":"","format":"standard","meta":{"footnotes":""},"categories":[3231],"tags":[2626,2631,98,63,100],"class_list":["post-10693","post","type-post","status-publish","format-standard","hentry","category-2023-kk","tag-2626","tag-5-23","tag-kk","tag-stanowisko","tag-stanowisko-kk"],"_links":{"self":[{"href":"https:\/\/www.solidarnosc.org.pl\/dok\/wp-json\/wp\/v2\/posts\/10693","targetHints":{"allow":["GET"]}}],"collection":[{"href":"https:\/\/www.solidarnosc.org.pl\/dok\/wp-json\/wp\/v2\/posts"}],"about":[{"href":"https:\/\/www.solidarnosc.org.pl\/dok\/wp-json\/wp\/v2\/types\/post"}],"author":[{"embeddable":true,"href":"https:\/\/www.solidarnosc.org.pl\/dok\/wp-json\/wp\/v2\/users\/3"}],"replies":[{"embeddable":true,"href":"https:\/\/www.solidarnosc.org.pl\/dok\/wp-json\/wp\/v2\/comments?post=10693"}],"version-history":[{"count":1,"href":"https:\/\/www.solidarnosc.org.pl\/dok\/wp-json\/wp\/v2\/posts\/10693\/revisions"}],"predecessor-version":[{"id":10695,"href":"https:\/\/www.solidarnosc.org.pl\/dok\/wp-json\/wp\/v2\/posts\/10693\/revisions\/10695"}],"wp:attachment":[{"href":"https:\/\/www.solidarnosc.org.pl\/dok\/wp-json\/wp\/v2\/media?parent=10693"}],"wp:term":[{"taxonomy":"category","embeddable":true,"href":"https:\/\/www.solidarnosc.org.pl\/dok\/wp-json\/wp\/v2\/categories?post=10693"},{"taxonomy":"post_tag","embeddable":true,"href":"https:\/\/www.solidarnosc.org.pl\/dok\/wp-json\/wp\/v2\/tags?post=10693"}],"curies":[{"name":"wp","href":"https:\/\/api.w.org\/{rel}","templated":true}]}}