{"id":10218,"date":"2023-03-02T13:07:20","date_gmt":"2023-03-02T12:07:20","guid":{"rendered":"https:\/\/www.solidarnosc.org.pl\/dok\/?p=10218"},"modified":"2023-03-15T11:07:41","modified_gmt":"2023-03-15T10:07:41","slug":"decyzja-prezydium-kk-nr-29-23-ws-wyrejestrowania-krajowej-sekcji-drogownictwa-nszz-solidarnosc","status":"publish","type":"post","link":"https:\/\/www.solidarnosc.org.pl\/dok\/2023\/03\/02\/decyzja-prezydium-kk-nr-29-23-ws-wyrejestrowania-krajowej-sekcji-drogownictwa-nszz-solidarnosc\/","title":{"rendered":"Decyzja Prezydium KK nr 29\/23 ws. wyrejestrowania Krajowej Sekcji Drogownictwa NSZZ \u201eSolidarno\u015b\u0107\u201d"},"content":{"rendered":"\n<ol class=\"wp-block-list\" type=\"1\">\n \t<li style=\"text-align: justify;\">Prezydium Komisji Krajowej NSZZ \u201eSolidarno\u015b\u0107\u201d, dzia\u0142aj\u0105c na podstawie postanowie\u0144 \u00a7 26 ust. 1 Statutu NSZZ \u201eSolidarno\u015b\u0107\u201d oraz \u00a7 10 ust. 1 Uchwa\u0142y Nr 4 XIX KZD z p\u00f3\u017aniejszymi zmianami, w zwi\u0105zku z przy\u0142\u0105czeniem si\u0119 Krajowej Sekcji Drogownictwa NSZZ \u201eSolidarno\u015b\u0107\u201d do Krajowej Sekcji Transportu Drogowego NSZZ \u201eSolidarno\u015b\u0107\u201d na mocy \u00a7 16 ust. 1 pkt. 2) Uchwa\u0142y KK nr 17\/08 z p\u00f3\u017aniejszymi zmianami oraz zawartego Porozumienia, postanawia wykre\u015bli\u0107 z Rejestru Krajowych Sekcji Bran\u017cowych sekcj\u0119 o nazwie Krajowa Sekcja Drogownictwa NSZZ \u201eSolidarno\u015b\u0107\u201d.<\/li>\n \n \t<li>Decyzja wchodzi w \u017cycie z dniem podj\u0119cia.<\/li>\n<\/ol>\n","protected":false},"excerpt":{"rendered":"","protected":false},"author":3,"featured_media":0,"comment_status":"closed","ping_status":"closed","sticky":false,"template":"","format":"standard","meta":{"footnotes":""},"categories":[94],"tags":[2626,3227,61,536,534],"class_list":["post-10218","post","type-post","status-publish","format-standard","hentry","category-2023prezydium","tag-2626","tag-29-23","tag-decyzja","tag-decyzja-prezydium","tag-prezydium"],"_links":{"self":[{"href":"https:\/\/www.solidarnosc.org.pl\/dok\/wp-json\/wp\/v2\/posts\/10218","targetHints":{"allow":["GET"]}}],"collection":[{"href":"https:\/\/www.solidarnosc.org.pl\/dok\/wp-json\/wp\/v2\/posts"}],"about":[{"href":"https:\/\/www.solidarnosc.org.pl\/dok\/wp-json\/wp\/v2\/types\/post"}],"author":[{"embeddable":true,"href":"https:\/\/www.solidarnosc.org.pl\/dok\/wp-json\/wp\/v2\/users\/3"}],"replies":[{"embeddable":true,"href":"https:\/\/www.solidarnosc.org.pl\/dok\/wp-json\/wp\/v2\/comments?post=10218"}],"version-history":[{"count":2,"href":"https:\/\/www.solidarnosc.org.pl\/dok\/wp-json\/wp\/v2\/posts\/10218\/revisions"}],"predecessor-version":[{"id":10336,"href":"https:\/\/www.solidarnosc.org.pl\/dok\/wp-json\/wp\/v2\/posts\/10218\/revisions\/10336"}],"wp:attachment":[{"href":"https:\/\/www.solidarnosc.org.pl\/dok\/wp-json\/wp\/v2\/media?parent=10218"}],"wp:term":[{"taxonomy":"category","embeddable":true,"href":"https:\/\/www.solidarnosc.org.pl\/dok\/wp-json\/wp\/v2\/categories?post=10218"},{"taxonomy":"post_tag","embeddable":true,"href":"https:\/\/www.solidarnosc.org.pl\/dok\/wp-json\/wp\/v2\/tags?post=10218"}],"curies":[{"name":"wp","href":"https:\/\/api.w.org\/{rel}","templated":true}]}}