{"id":10194,"date":"2023-02-15T15:42:41","date_gmt":"2023-02-15T14:42:41","guid":{"rendered":"https:\/\/www.solidarnosc.org.pl\/dok\/?p=10194"},"modified":"2023-02-21T15:43:26","modified_gmt":"2023-02-21T14:43:26","slug":"decyzja-prezydium-kk-nr-22-23-ws-powolania-czlonkow-rady-nadzorczej-oraz-czlonka-zarzadu-spolki-fundusz-wczasow-pracowniczych-sp-z-o-o","status":"publish","type":"post","link":"https:\/\/www.solidarnosc.org.pl\/dok\/2023\/02\/15\/decyzja-prezydium-kk-nr-22-23-ws-powolania-czlonkow-rady-nadzorczej-oraz-czlonka-zarzadu-spolki-fundusz-wczasow-pracowniczych-sp-z-o-o\/","title":{"rendered":"Decyzja Prezydium KK nr 22\/23 ws. powo\u0142ania cz\u0142onk\u00f3w Rady Nadzorczej oraz cz\u0142onka Zarz\u0105du Sp\u00f3\u0142ki Fundusz Wczas\u00f3w Pracowniczych Sp. z o.o."},"content":{"rendered":"\n<p>(do u\u017cytku s\u0142u\u017cbowego)<\/p>\n","protected":false},"excerpt":{"rendered":"<p>(do u\u017cytku s\u0142u\u017cbowego)<\/p>\n","protected":false},"author":3,"featured_media":0,"comment_status":"closed","ping_status":"closed","sticky":false,"template":"","format":"standard","meta":{"footnotes":""},"categories":[94],"tags":[2626,3220,61,536,534],"class_list":["post-10194","post","type-post","status-publish","format-standard","hentry","category-2023prezydium","tag-2626","tag-22-23","tag-decyzja","tag-decyzja-prezydium","tag-prezydium"],"_links":{"self":[{"href":"https:\/\/www.solidarnosc.org.pl\/dok\/wp-json\/wp\/v2\/posts\/10194","targetHints":{"allow":["GET"]}}],"collection":[{"href":"https:\/\/www.solidarnosc.org.pl\/dok\/wp-json\/wp\/v2\/posts"}],"about":[{"href":"https:\/\/www.solidarnosc.org.pl\/dok\/wp-json\/wp\/v2\/types\/post"}],"author":[{"embeddable":true,"href":"https:\/\/www.solidarnosc.org.pl\/dok\/wp-json\/wp\/v2\/users\/3"}],"replies":[{"embeddable":true,"href":"https:\/\/www.solidarnosc.org.pl\/dok\/wp-json\/wp\/v2\/comments?post=10194"}],"version-history":[{"count":1,"href":"https:\/\/www.solidarnosc.org.pl\/dok\/wp-json\/wp\/v2\/posts\/10194\/revisions"}],"predecessor-version":[{"id":10195,"href":"https:\/\/www.solidarnosc.org.pl\/dok\/wp-json\/wp\/v2\/posts\/10194\/revisions\/10195"}],"wp:attachment":[{"href":"https:\/\/www.solidarnosc.org.pl\/dok\/wp-json\/wp\/v2\/media?parent=10194"}],"wp:term":[{"taxonomy":"category","embeddable":true,"href":"https:\/\/www.solidarnosc.org.pl\/dok\/wp-json\/wp\/v2\/categories?post=10194"},{"taxonomy":"post_tag","embeddable":true,"href":"https:\/\/www.solidarnosc.org.pl\/dok\/wp-json\/wp\/v2\/tags?post=10194"}],"curies":[{"name":"wp","href":"https:\/\/api.w.org\/{rel}","templated":true}]}}