{"id":47411,"date":"2026-09-01T21:41:55","date_gmt":"2026-09-01T19:41:55","guid":{"rendered":"https:\/\/www.solidarnosc.org.pl\/bbial\/?p=47411"},"modified":"2026-09-01T21:41:55","modified_gmt":"2026-09-01T19:41:55","slug":"prezydent-podpisal-sie-pod-wnioskiem-referendalnym-solidarnosci-a-ty-podpisales","status":"publish","type":"post","link":"https:\/\/www.solidarnosc.org.pl\/bbial\/prezydent-podpisal-sie-pod-wnioskiem-referendalnym-solidarnosci-a-ty-podpisales\/","title":{"rendered":"Prezydent podpisa\u0142 si\u0119 pod wnioskiem referendalnym \u201eSolidarno\u015bci\u201d. A Ty podpisa\u0142e\u015b?"},"content":{"rendered":"\n<p class=\"wp-block-paragraph\"><strong>31 sierpnia, podczas wizyty w Gda\u0144sku zwi\u0105zanej z obchodami 46. rocznicy podpisania Porozumie\u0144 Sierpniowych i powstania NSZZ \u201eSolidarno\u015b\u0107\u201d, prezydent RP Karol Nawrocki podpisa\u0142 si\u0119 pod przygotowanym przez Solidarno\u015b\u0107 wnioskiem o przeprowadzenie referendum w sprawie polityki klimatycznej Unii Europejskiej.<\/strong><\/p>\n\n\n\n<p class=\"wp-block-paragraph\">Bezpo\u015brednio przed rozpocz\u0119ciem obchod\u00f3w 46. rocznicy podpisania Porozumie\u0144 Sierpniowych i powstania NSZZ \u201eSolidarno\u015b\u0107\u201d prezydent Karol Nawrocki podczas spotkania z przewodnicz\u0105cym Piotrem Dud\u0105 podpisa\u0142 si\u0119 pod przygotowanym przez Solidarno\u015b\u0107 wnioskiem o przeprowadzenie referendum w sprawie polityki klimatycznej UE.&nbsp;By\u0142 to wyraz wsparcia pierwszego obywatela RP dla inicjatywy Zwi\u0105zku.<\/p>\n\n\n\n<p class=\"wp-block-paragraph\"><em>&#8211; Chcia\u0142bym, aby dzisiaj z Sali BHP Stoczni Gda\u0144skiej poszed\u0142 jasny przekaz, \u017ce Solidarno\u015b\u0107 i jej duch jest te\u017c od tego, aby cuci\u0107 rz\u0105dz\u0105cych w kolejnych post\u0119powaniach \u2013<\/em> m\u00f3wi\u0142 w Sali BHP Stoczni Gda\u0144skiej prezydent Karol Nawrocki, nawi\u0105zuj\u0105c do zbi\u00f3rki podpis\u00f3w pod wnioskiem o rozpisanie referendum.<\/p>\n\n\n\n<p class=\"wp-block-paragraph\">Z kolei przewodnicz\u0105cy Piotr Duda podzi\u0119kowa\u0142 w trakcie swojego wyst\u0105pienia za z\u0142o\u017cony przez prezydenta podpis.&nbsp;<em>&#8211; Senat odrzuci\u0142 prezydencki wniosek o referendum w tej sprawie. Przegrali\u015bmy bitw\u0119, ale wygramy wojn\u0119. Zbieramy podpisy pod wnioskiem obywatelskim i mamy ich ju\u017c prawie p\u00f3\u0142 miliona &#8211;<\/em> podkre\u015bli\u0142.<\/p>\n\n\n\n<p class=\"wp-block-paragraph\">Przypomnijmy, senatorowie dwukrotnie nie wyrazili zgody na&nbsp;przeprowadzenie referendum w sprawie unijnej polityki klimatycznej z inicjatywy prezydenta Karola Nawrockiego.<\/p>\n\n\n\n<p class=\"wp-block-paragraph\">W zwi\u0105zku z decyzj\u0105 Senatu przewodnicz\u0105cy Komisji Krajowej NSZZ \u201eSolidarno\u015b\u0107\u201d Piotr Duda poinformowa\u0142, \u017ce Solidarno\u015b\u0107 wznawia podpisy pod w\u0142asnym obywatelskim wnioskiem o referendum w tej sprawie.&nbsp;<em>&#8211; Solidarno\u015b\u0107 nie odpuszcza tematu. Rozpoczynamy zbieranie podpis\u00f3w. I z tego miejsca tak\u017ce apeluj\u0119 do wszystkich, nie tylko cz\u0142onk\u00f3w Zwi\u0105zku, ale do wszystkich obywateli w naszym kraju, a szczeg\u00f3lnie do pracownik\u00f3w, kt\u00f3rzy dzisiaj wiedz\u0105, \u017ce ich firma ma trudn\u0105 sytuacj\u0119 zwi\u0105zan\u0105 z cenami energii, o w\u0142\u0105czenie si\u0119 w nasz\u0105 inicjatyw\u0119 \u2013<\/em> podkre\u015bli\u0142 w\u00f3wczas Piotr Duda.<\/p>\n\n\n\n<p class=\"wp-block-paragraph\">\/tysol.pl\/<\/p>\n","protected":false},"excerpt":{"rendered":"<p>31 sierpnia, podczas wizyty w Gda\u0144sku zwi\u0105zanej z obchodami 46. rocznicy podpisania Porozumie\u0144 Sierpniowych i powstania NSZZ \u201eSolidarno\u015b\u0107\u201d, prezydent RP Karol Nawrocki podpisa\u0142 si\u0119 pod przygotowanym przez Solidarno\u015b\u0107 wnioskiem o przeprowadzenie referendum w sprawie polityki klimatycznej Unii Europejskiej. Bezpo\u015brednio przed rozpocz\u0119ciem obchod\u00f3w 46. rocznicy podpisania Porozumie\u0144 Sierpniowych i powstania NSZZ \u201eSolidarno\u015b\u0107\u201d prezydent Karol Nawrocki podczas [&hellip;]<\/p>\n","protected":false},"author":1991,"featured_media":47410,"comment_status":"closed","ping_status":"open","sticky":false,"template":"","format":"standard","meta":{"footnotes":""},"categories":[16],"tags":[445,545,67],"class_list":["post-47411","post","type-post","status-publish","format-standard","has-post-thumbnail","hentry","category-solidarnosc","tag-prezydent","tag-wniosek","tag-zielony-lad"],"_links":{"self":[{"href":"https:\/\/www.solidarnosc.org.pl\/bbial\/wp-json\/wp\/v2\/posts\/47411","targetHints":{"allow":["GET"]}}],"collection":[{"href":"https:\/\/www.solidarnosc.org.pl\/bbial\/wp-json\/wp\/v2\/posts"}],"about":[{"href":"https:\/\/www.solidarnosc.org.pl\/bbial\/wp-json\/wp\/v2\/types\/post"}],"author":[{"embeddable":true,"href":"https:\/\/www.solidarnosc.org.pl\/bbial\/wp-json\/wp\/v2\/users\/1991"}],"replies":[{"embeddable":true,"href":"https:\/\/www.solidarnosc.org.pl\/bbial\/wp-json\/wp\/v2\/comments?post=47411"}],"version-history":[{"count":1,"href":"https:\/\/www.solidarnosc.org.pl\/bbial\/wp-json\/wp\/v2\/posts\/47411\/revisions"}],"predecessor-version":[{"id":47412,"href":"https:\/\/www.solidarnosc.org.pl\/bbial\/wp-json\/wp\/v2\/posts\/47411\/revisions\/47412"}],"wp:featuredmedia":[{"embeddable":true,"href":"https:\/\/www.solidarnosc.org.pl\/bbial\/wp-json\/wp\/v2\/media\/47410"}],"wp:attachment":[{"href":"https:\/\/www.solidarnosc.org.pl\/bbial\/wp-json\/wp\/v2\/media?parent=47411"}],"wp:term":[{"taxonomy":"category","embeddable":true,"href":"https:\/\/www.solidarnosc.org.pl\/bbial\/wp-json\/wp\/v2\/categories?post=47411"},{"taxonomy":"post_tag","embeddable":true,"href":"https:\/\/www.solidarnosc.org.pl\/bbial\/wp-json\/wp\/v2\/tags?post=47411"}],"curies":[{"name":"wp","href":"https:\/\/api.w.org\/{rel}","templated":true}]}}