{"id":47407,"date":"2026-08-31T16:09:44","date_gmt":"2026-08-31T14:09:44","guid":{"rendered":"https:\/\/www.solidarnosc.org.pl\/bbial\/?p=47407"},"modified":"2026-08-31T16:09:44","modified_gmt":"2026-08-31T14:09:44","slug":"modlitwa-za-ojczyzne-i-solidarnosc-2","status":"publish","type":"post","link":"https:\/\/www.solidarnosc.org.pl\/bbial\/modlitwa-za-ojczyzne-i-solidarnosc-2\/","title":{"rendered":"Modlitwa za Ojczyzn\u0119 i Solidarno\u015b\u0107"},"content":{"rendered":"\n<p class=\"wp-block-paragraph\">W przeddzie\u0144 46. rocznicy podpisania Porozumie\u0144 Sierpniowych spotkali\u015bmy si\u0119 w bielskim ko\u015bciele pw. Tr\u00f3jcy Przenaj\u015bwi\u0119tszej, by z naszym duszpasterzem modli\u0107 si\u0119 za Ojczyzn\u0119 i Solidarno\u015b\u0107. <\/p>\n\n\n\n<p class=\"wp-block-paragraph\">W Mszy \u015bw., kt\u00f3rej przewodniczy\u0142 diecezjalny duszpasterz ludzi pracy ks. pra\u0142at J\u00f3zef Oleszko, uczestniczyli przedstawiciele podbeskidzkiego Zarz\u0105du Regionu na czele z przewodnicz\u0105cym Regionu Markiem Boguszem oraz cz\u0142onkami Prezydium ZR \u0141ukaszem Kami\u0144skim i Piotrem Go\u0142\u0105bem. Byli te\u017c przedstawiciele podbeskidzkich organizacji zak\u0142adowych, a tak\u017ce dawni dzia\u0142acze &#8222;S&#8221;, w tym wiceprzewodnicz\u0105cy podbeskidzkiej &#8222;Solidarno\u015bci&#8221; z 1981 r. Henryk Juszczyk i rzecznik prasowy Regionu z tego samego okresu Miros\u0142aw Stycze\u0144. Nie zabrak\u0142o tak\u017ce cz\u0142onk\u00f3w solidarno\u015bciowego Stowarzyszenia &#8222;Podbeskidzie Wsp\u00f3lna Pami\u0119\u0107&#8221;, obchodz\u0105cego w\u0142a\u015bnie 10. rocznice powstania. W \u015bwi\u0105tyni by\u0142y tez poczty sztandarowe Regionu Podbeskidzie, MOZ Fiata Auto Poland oraz bielskiego MZK.<\/p>\n\n\n\n<figure class=\"wp-block-gallery has-nested-images columns-default is-cropped wp-block-gallery-1 is-layout-flex wp-block-gallery-is-layout-flex\">\n<figure class=\"wp-block-image size-large\"><img fetchpriority=\"high\" decoding=\"async\" width=\"1024\" height=\"786\" data-id=\"47400\" src=\"https:\/\/www.solidarnosc.org.pl\/bbial\/wp-content\/uploads\/2026\/08\/IMG20260830175650a-1024x786.jpg\" alt=\"\" class=\"wp-image-47400\" srcset=\"https:\/\/www.solidarnosc.org.pl\/bbial\/wp-content\/uploads\/2026\/08\/IMG20260830175650a-1024x786.jpg 1024w, https:\/\/www.solidarnosc.org.pl\/bbial\/wp-content\/uploads\/2026\/08\/IMG20260830175650a-400x307.jpg 400w, https:\/\/www.solidarnosc.org.pl\/bbial\/wp-content\/uploads\/2026\/08\/IMG20260830175650a-768x590.jpg 768w, https:\/\/www.solidarnosc.org.pl\/bbial\/wp-content\/uploads\/2026\/08\/IMG20260830175650a-1536x1179.jpg 1536w, https:\/\/www.solidarnosc.org.pl\/bbial\/wp-content\/uploads\/2026\/08\/IMG20260830175650a-2048x1572.jpg 2048w\" sizes=\"(max-width: 1024px) 100vw, 1024px\" \/><\/figure>\n\n\n\n<figure class=\"wp-block-image size-large\"><img decoding=\"async\" width=\"1024\" height=\"768\" data-id=\"47405\" src=\"https:\/\/www.solidarnosc.org.pl\/bbial\/wp-content\/uploads\/2026\/08\/IMG20260830185101a-1024x768.jpg\" alt=\"\" class=\"wp-image-47405\" srcset=\"https:\/\/www.solidarnosc.org.pl\/bbial\/wp-content\/uploads\/2026\/08\/IMG20260830185101a-1024x768.jpg 1024w, https:\/\/www.solidarnosc.org.pl\/bbial\/wp-content\/uploads\/2026\/08\/IMG20260830185101a-400x300.jpg 400w, https:\/\/www.solidarnosc.org.pl\/bbial\/wp-content\/uploads\/2026\/08\/IMG20260830185101a-768x576.jpg 768w, https:\/\/www.solidarnosc.org.pl\/bbial\/wp-content\/uploads\/2026\/08\/IMG20260830185101a-1536x1152.jpg 1536w, https:\/\/www.solidarnosc.org.pl\/bbial\/wp-content\/uploads\/2026\/08\/IMG20260830185101a.jpg 1789w\" sizes=\"(max-width: 1024px) 100vw, 1024px\" \/><\/figure>\n\n\n\n<figure class=\"wp-block-image size-large\"><img decoding=\"async\" width=\"1024\" height=\"768\" data-id=\"47404\" src=\"https:\/\/www.solidarnosc.org.pl\/bbial\/wp-content\/uploads\/2026\/08\/IMG20260830184652a-1024x768.jpg\" alt=\"\" class=\"wp-image-47404\" srcset=\"https:\/\/www.solidarnosc.org.pl\/bbial\/wp-content\/uploads\/2026\/08\/IMG20260830184652a-1024x768.jpg 1024w, https:\/\/www.solidarnosc.org.pl\/bbial\/wp-content\/uploads\/2026\/08\/IMG20260830184652a-400x300.jpg 400w, https:\/\/www.solidarnosc.org.pl\/bbial\/wp-content\/uploads\/2026\/08\/IMG20260830184652a-768x576.jpg 768w, https:\/\/www.solidarnosc.org.pl\/bbial\/wp-content\/uploads\/2026\/08\/IMG20260830184652a-1536x1152.jpg 1536w, https:\/\/www.solidarnosc.org.pl\/bbial\/wp-content\/uploads\/2026\/08\/IMG20260830184652a-2048x1536.jpg 2048w\" sizes=\"(max-width: 1024px) 100vw, 1024px\" \/><\/figure>\n\n\n\n<figure class=\"wp-block-image size-large\"><img loading=\"lazy\" decoding=\"async\" width=\"1024\" height=\"768\" data-id=\"47402\" src=\"https:\/\/www.solidarnosc.org.pl\/bbial\/wp-content\/uploads\/2026\/08\/IMG20260830184617a-1024x768.jpg\" alt=\"\" class=\"wp-image-47402\" srcset=\"https:\/\/www.solidarnosc.org.pl\/bbial\/wp-content\/uploads\/2026\/08\/IMG20260830184617a-1024x768.jpg 1024w, https:\/\/www.solidarnosc.org.pl\/bbial\/wp-content\/uploads\/2026\/08\/IMG20260830184617a-400x300.jpg 400w, https:\/\/www.solidarnosc.org.pl\/bbial\/wp-content\/uploads\/2026\/08\/IMG20260830184617a-768x576.jpg 768w, https:\/\/www.solidarnosc.org.pl\/bbial\/wp-content\/uploads\/2026\/08\/IMG20260830184617a-1536x1152.jpg 1536w, https:\/\/www.solidarnosc.org.pl\/bbial\/wp-content\/uploads\/2026\/08\/IMG20260830184617a-2048x1536.jpg 2048w\" sizes=\"(max-width: 1024px) 100vw, 1024px\" \/><\/figure>\n\n\n\n<figure class=\"wp-block-image size-large\"><img loading=\"lazy\" decoding=\"async\" width=\"1024\" height=\"768\" data-id=\"47401\" src=\"https:\/\/www.solidarnosc.org.pl\/bbial\/wp-content\/uploads\/2026\/08\/IMG20260830184611a-1024x768.jpg\" alt=\"\" class=\"wp-image-47401\" srcset=\"https:\/\/www.solidarnosc.org.pl\/bbial\/wp-content\/uploads\/2026\/08\/IMG20260830184611a-1024x768.jpg 1024w, https:\/\/www.solidarnosc.org.pl\/bbial\/wp-content\/uploads\/2026\/08\/IMG20260830184611a-400x300.jpg 400w, https:\/\/www.solidarnosc.org.pl\/bbial\/wp-content\/uploads\/2026\/08\/IMG20260830184611a-768x576.jpg 768w, https:\/\/www.solidarnosc.org.pl\/bbial\/wp-content\/uploads\/2026\/08\/IMG20260830184611a-1536x1152.jpg 1536w, https:\/\/www.solidarnosc.org.pl\/bbial\/wp-content\/uploads\/2026\/08\/IMG20260830184611a-2048x1536.jpg 2048w\" sizes=\"(max-width: 1024px) 100vw, 1024px\" \/><\/figure>\n\n\n\n<figure class=\"wp-block-image size-large\"><img loading=\"lazy\" decoding=\"async\" width=\"1024\" height=\"768\" data-id=\"47403\" src=\"https:\/\/www.solidarnosc.org.pl\/bbial\/wp-content\/uploads\/2026\/08\/IMG20260830184628a-1024x768.jpg\" alt=\"\" class=\"wp-image-47403\" srcset=\"https:\/\/www.solidarnosc.org.pl\/bbial\/wp-content\/uploads\/2026\/08\/IMG20260830184628a-1024x768.jpg 1024w, https:\/\/www.solidarnosc.org.pl\/bbial\/wp-content\/uploads\/2026\/08\/IMG20260830184628a-400x300.jpg 400w, https:\/\/www.solidarnosc.org.pl\/bbial\/wp-content\/uploads\/2026\/08\/IMG20260830184628a-768x576.jpg 768w, https:\/\/www.solidarnosc.org.pl\/bbial\/wp-content\/uploads\/2026\/08\/IMG20260830184628a-1536x1152.jpg 1536w, https:\/\/www.solidarnosc.org.pl\/bbial\/wp-content\/uploads\/2026\/08\/IMG20260830184628a-2048x1536.jpg 2048w\" sizes=\"(max-width: 1024px) 100vw, 1024px\" \/><\/figure>\n\n\n\n<figure class=\"wp-block-image size-large\"><img loading=\"lazy\" decoding=\"async\" width=\"1024\" height=\"768\" data-id=\"47406\" src=\"https:\/\/www.solidarnosc.org.pl\/bbial\/wp-content\/uploads\/2026\/08\/IMG20260830185730a-1024x768.jpg\" alt=\"\" class=\"wp-image-47406\" srcset=\"https:\/\/www.solidarnosc.org.pl\/bbial\/wp-content\/uploads\/2026\/08\/IMG20260830185730a-1024x768.jpg 1024w, https:\/\/www.solidarnosc.org.pl\/bbial\/wp-content\/uploads\/2026\/08\/IMG20260830185730a-400x300.jpg 400w, https:\/\/www.solidarnosc.org.pl\/bbial\/wp-content\/uploads\/2026\/08\/IMG20260830185730a-768x576.jpg 768w, https:\/\/www.solidarnosc.org.pl\/bbial\/wp-content\/uploads\/2026\/08\/IMG20260830185730a-1536x1152.jpg 1536w, https:\/\/www.solidarnosc.org.pl\/bbial\/wp-content\/uploads\/2026\/08\/IMG20260830185730a-2048x1536.jpg 2048w\" sizes=\"(max-width: 1024px) 100vw, 1024px\" \/><\/figure>\n\n\n\n<figure class=\"wp-block-image size-large\"><img loading=\"lazy\" decoding=\"async\" width=\"1024\" height=\"576\" data-id=\"47408\" src=\"https:\/\/www.solidarnosc.org.pl\/bbial\/wp-content\/uploads\/2026\/08\/IMG20260830185747a-1024x576.jpg\" alt=\"\" class=\"wp-image-47408\" srcset=\"https:\/\/www.solidarnosc.org.pl\/bbial\/wp-content\/uploads\/2026\/08\/IMG20260830185747a-1024x576.jpg 1024w, https:\/\/www.solidarnosc.org.pl\/bbial\/wp-content\/uploads\/2026\/08\/IMG20260830185747a-400x225.jpg 400w, https:\/\/www.solidarnosc.org.pl\/bbial\/wp-content\/uploads\/2026\/08\/IMG20260830185747a-768x432.jpg 768w, https:\/\/www.solidarnosc.org.pl\/bbial\/wp-content\/uploads\/2026\/08\/IMG20260830185747a-1536x864.jpg 1536w, https:\/\/www.solidarnosc.org.pl\/bbial\/wp-content\/uploads\/2026\/08\/IMG20260830185747a-2048x1152.jpg 2048w\" sizes=\"(max-width: 1024px) 100vw, 1024px\" \/><\/figure>\n<\/figure>\n","protected":false},"excerpt":{"rendered":"<p>W przeddzie\u0144 46. rocznicy podpisania Porozumie\u0144 Sierpniowych spotkali\u015bmy si\u0119 w bielskim ko\u015bciele pw. Tr\u00f3jcy Przenaj\u015bwi\u0119tszej, by z naszym duszpasterzem modli\u0107 si\u0119 za Ojczyzn\u0119 i Solidarno\u015b\u0107. W Mszy \u015bw., kt\u00f3rej przewodniczy\u0142 diecezjalny duszpasterz ludzi pracy ks. pra\u0142at J\u00f3zef Oleszko, uczestniczyli przedstawiciele podbeskidzkiego Zarz\u0105du Regionu na czele z przewodnicz\u0105cym Regionu Markiem Boguszem oraz cz\u0142onkami Prezydium ZR \u0141ukaszem [&hellip;]<\/p>\n","protected":false},"author":1991,"featured_media":47408,"comment_status":"closed","ping_status":"open","sticky":false,"template":"","format":"standard","meta":{"footnotes":""},"categories":[16],"tags":[62,30,46],"class_list":["post-47407","post","type-post","status-publish","format-standard","has-post-thumbnail","hentry","category-solidarnosc","tag-msza","tag-rocznica","tag-sierpien"],"_links":{"self":[{"href":"https:\/\/www.solidarnosc.org.pl\/bbial\/wp-json\/wp\/v2\/posts\/47407","targetHints":{"allow":["GET"]}}],"collection":[{"href":"https:\/\/www.solidarnosc.org.pl\/bbial\/wp-json\/wp\/v2\/posts"}],"about":[{"href":"https:\/\/www.solidarnosc.org.pl\/bbial\/wp-json\/wp\/v2\/types\/post"}],"author":[{"embeddable":true,"href":"https:\/\/www.solidarnosc.org.pl\/bbial\/wp-json\/wp\/v2\/users\/1991"}],"replies":[{"embeddable":true,"href":"https:\/\/www.solidarnosc.org.pl\/bbial\/wp-json\/wp\/v2\/comments?post=47407"}],"version-history":[{"count":1,"href":"https:\/\/www.solidarnosc.org.pl\/bbial\/wp-json\/wp\/v2\/posts\/47407\/revisions"}],"predecessor-version":[{"id":47409,"href":"https:\/\/www.solidarnosc.org.pl\/bbial\/wp-json\/wp\/v2\/posts\/47407\/revisions\/47409"}],"wp:featuredmedia":[{"embeddable":true,"href":"https:\/\/www.solidarnosc.org.pl\/bbial\/wp-json\/wp\/v2\/media\/47408"}],"wp:attachment":[{"href":"https:\/\/www.solidarnosc.org.pl\/bbial\/wp-json\/wp\/v2\/media?parent=47407"}],"wp:term":[{"taxonomy":"category","embeddable":true,"href":"https:\/\/www.solidarnosc.org.pl\/bbial\/wp-json\/wp\/v2\/categories?post=47407"},{"taxonomy":"post_tag","embeddable":true,"href":"https:\/\/www.solidarnosc.org.pl\/bbial\/wp-json\/wp\/v2\/tags?post=47407"}],"curies":[{"name":"wp","href":"https:\/\/api.w.org\/{rel}","templated":true}]}}