{"id":46815,"date":"2026-04-28T14:21:25","date_gmt":"2026-04-28T12:21:25","guid":{"rendered":"https:\/\/www.solidarnosc.org.pl\/bbial\/?p=46815"},"modified":"2026-04-28T14:21:25","modified_gmt":"2026-04-28T12:21:25","slug":"seminarium-bhp-w-swiatowym-dniu-pamieci-ofiar-wypadkow-przy-pracy","status":"publish","type":"post","link":"https:\/\/www.solidarnosc.org.pl\/bbial\/seminarium-bhp-w-swiatowym-dniu-pamieci-ofiar-wypadkow-przy-pracy\/","title":{"rendered":"Seminarium BHP w \u015awiatowym Dniu Pami\u0119ci Ofiar Wypadk\u00f3w przy Pracy"},"content":{"rendered":"\n<p>28 kwietnia obchodzimy \u015awiatowy Dzie\u0144 Pami\u0119ci Ofiar Wypadk\u00f3w przy Pracy i Chor\u00f3b Zawodowych. Z tej okazji podbeskidzka Solidarno\u015b\u0107 zorganizowa\u0142a tradycyjne doroczne seminarium bhp. Pami\u0119tano te\u017c o tych, kt\u00f3rzy w takich wypadkach stracili \u017cycie.<\/p>\n\n\n\n<figure class=\"wp-block-image size-large\"><img fetchpriority=\"high\" decoding=\"async\" width=\"1024\" height=\"768\" src=\"https:\/\/www.solidarnosc.org.pl\/bbial\/wp-content\/uploads\/2026\/04\/IMG20260428100136-1024x768.jpg\" alt=\"\" class=\"wp-image-46809\" srcset=\"https:\/\/www.solidarnosc.org.pl\/bbial\/wp-content\/uploads\/2026\/04\/IMG20260428100136-1024x768.jpg 1024w, https:\/\/www.solidarnosc.org.pl\/bbial\/wp-content\/uploads\/2026\/04\/IMG20260428100136-400x300.jpg 400w, https:\/\/www.solidarnosc.org.pl\/bbial\/wp-content\/uploads\/2026\/04\/IMG20260428100136-768x576.jpg 768w, https:\/\/www.solidarnosc.org.pl\/bbial\/wp-content\/uploads\/2026\/04\/IMG20260428100136-1536x1152.jpg 1536w, https:\/\/www.solidarnosc.org.pl\/bbial\/wp-content\/uploads\/2026\/04\/IMG20260428100136-2048x1536.jpg 2048w\" sizes=\"(max-width: 1024px) 100vw, 1024px\" \/><\/figure>\n\n\n\n<p>Na pocz\u0105tku seminarium uczestnicy spotkania z\u0142o\u017cyli kwiaty i znicze przy pomniku upami\u0119tniaj\u0105cym podbeskidzkich zwi\u0105zkowc\u00f3w, kt\u00f3rzy stracili \u017cycie w trakcie wype\u0142niania swych obowi\u0105zk\u00f3w s\u0142u\u017cbowych. Byli to Jan Fr\u0105czek, Stanis\u0142aw Olejak i Aleksandra Polak.<\/p>\n\n\n\n<p>W seminarium wzi\u0119li udzia\u0142 zak\u0142adowi i oddzia\u0142owi spo\u0142eczni inspektorzy pracy oraz przedstawiciele s\u0142u\u017cb bhp z firm i instytucji z terenu Regionu Podbeskidzie. Spotkanie prowadzili przewodnicz\u0105cy podbeskidzkiego Klubu SIP Krzysztof Talaga oraz odpowiedzialny za zwi\u0105zkowe szkolenia wiceprzewodnicz\u0105cy ZR Andrzej Ko\u0142odziejski. Jako prelegenci wyst\u0105pili: dyrektor Oddzia\u0142u ZUS w Bielsku-Bia\u0142ej Marcin Tomecki oraz kierownik bielskiego oddzia\u0142u PIP Karol Pietrasina.<\/p>\n\n\n\n<figure class=\"wp-block-gallery has-nested-images columns-default is-cropped wp-block-gallery-1 is-layout-flex wp-block-gallery-is-layout-flex\">\n<figure class=\"wp-block-image size-large\"><img decoding=\"async\" width=\"716\" height=\"432\" data-id=\"46812\" src=\"https:\/\/www.solidarnosc.org.pl\/bbial\/wp-content\/uploads\/2026\/04\/bhp.jpg\" alt=\"\" class=\"wp-image-46812\" srcset=\"https:\/\/www.solidarnosc.org.pl\/bbial\/wp-content\/uploads\/2026\/04\/bhp.jpg 716w, https:\/\/www.solidarnosc.org.pl\/bbial\/wp-content\/uploads\/2026\/04\/bhp-400x241.jpg 400w\" sizes=\"(max-width: 716px) 100vw, 716px\" \/><\/figure>\n\n\n\n<figure class=\"wp-block-image size-large\"><img decoding=\"async\" width=\"1024\" height=\"768\" data-id=\"46805\" src=\"https:\/\/www.solidarnosc.org.pl\/bbial\/wp-content\/uploads\/2026\/04\/IMG20260428095936-1024x768.jpg\" alt=\"\" class=\"wp-image-46805\" srcset=\"https:\/\/www.solidarnosc.org.pl\/bbial\/wp-content\/uploads\/2026\/04\/IMG20260428095936-1024x768.jpg 1024w, https:\/\/www.solidarnosc.org.pl\/bbial\/wp-content\/uploads\/2026\/04\/IMG20260428095936-400x300.jpg 400w, https:\/\/www.solidarnosc.org.pl\/bbial\/wp-content\/uploads\/2026\/04\/IMG20260428095936-768x576.jpg 768w, https:\/\/www.solidarnosc.org.pl\/bbial\/wp-content\/uploads\/2026\/04\/IMG20260428095936-1536x1152.jpg 1536w, https:\/\/www.solidarnosc.org.pl\/bbial\/wp-content\/uploads\/2026\/04\/IMG20260428095936-2048x1536.jpg 2048w\" sizes=\"(max-width: 1024px) 100vw, 1024px\" \/><\/figure>\n\n\n\n<figure class=\"wp-block-image size-large\"><img loading=\"lazy\" decoding=\"async\" width=\"1024\" height=\"768\" data-id=\"46804\" src=\"https:\/\/www.solidarnosc.org.pl\/bbial\/wp-content\/uploads\/2026\/04\/IMG20260428095925-1024x768.jpg\" alt=\"\" class=\"wp-image-46804\" srcset=\"https:\/\/www.solidarnosc.org.pl\/bbial\/wp-content\/uploads\/2026\/04\/IMG20260428095925-1024x768.jpg 1024w, https:\/\/www.solidarnosc.org.pl\/bbial\/wp-content\/uploads\/2026\/04\/IMG20260428095925-400x300.jpg 400w, https:\/\/www.solidarnosc.org.pl\/bbial\/wp-content\/uploads\/2026\/04\/IMG20260428095925-768x576.jpg 768w, https:\/\/www.solidarnosc.org.pl\/bbial\/wp-content\/uploads\/2026\/04\/IMG20260428095925-1536x1152.jpg 1536w, https:\/\/www.solidarnosc.org.pl\/bbial\/wp-content\/uploads\/2026\/04\/IMG20260428095925-2048x1536.jpg 2048w\" sizes=\"(max-width: 1024px) 100vw, 1024px\" \/><\/figure>\n\n\n\n<figure class=\"wp-block-image size-large\"><img loading=\"lazy\" decoding=\"async\" width=\"1024\" height=\"768\" data-id=\"46806\" src=\"https:\/\/www.solidarnosc.org.pl\/bbial\/wp-content\/uploads\/2026\/04\/IMG20260428100038-1024x768.jpg\" alt=\"\" class=\"wp-image-46806\" srcset=\"https:\/\/www.solidarnosc.org.pl\/bbial\/wp-content\/uploads\/2026\/04\/IMG20260428100038-1024x768.jpg 1024w, https:\/\/www.solidarnosc.org.pl\/bbial\/wp-content\/uploads\/2026\/04\/IMG20260428100038-400x300.jpg 400w, https:\/\/www.solidarnosc.org.pl\/bbial\/wp-content\/uploads\/2026\/04\/IMG20260428100038-768x576.jpg 768w, https:\/\/www.solidarnosc.org.pl\/bbial\/wp-content\/uploads\/2026\/04\/IMG20260428100038-1536x1152.jpg 1536w, https:\/\/www.solidarnosc.org.pl\/bbial\/wp-content\/uploads\/2026\/04\/IMG20260428100038-2048x1536.jpg 2048w\" sizes=\"(max-width: 1024px) 100vw, 1024px\" \/><\/figure>\n\n\n\n<figure class=\"wp-block-image size-large\"><img loading=\"lazy\" decoding=\"async\" width=\"1024\" height=\"768\" data-id=\"46807\" src=\"https:\/\/www.solidarnosc.org.pl\/bbial\/wp-content\/uploads\/2026\/04\/IMG20260428100049-1024x768.jpg\" alt=\"\" class=\"wp-image-46807\" srcset=\"https:\/\/www.solidarnosc.org.pl\/bbial\/wp-content\/uploads\/2026\/04\/IMG20260428100049-1024x768.jpg 1024w, https:\/\/www.solidarnosc.org.pl\/bbial\/wp-content\/uploads\/2026\/04\/IMG20260428100049-400x300.jpg 400w, https:\/\/www.solidarnosc.org.pl\/bbial\/wp-content\/uploads\/2026\/04\/IMG20260428100049-768x576.jpg 768w, https:\/\/www.solidarnosc.org.pl\/bbial\/wp-content\/uploads\/2026\/04\/IMG20260428100049-1536x1152.jpg 1536w, https:\/\/www.solidarnosc.org.pl\/bbial\/wp-content\/uploads\/2026\/04\/IMG20260428100049-2048x1536.jpg 2048w\" sizes=\"(max-width: 1024px) 100vw, 1024px\" \/><\/figure>\n\n\n\n<figure class=\"wp-block-image size-large\"><img loading=\"lazy\" decoding=\"async\" width=\"1024\" height=\"768\" data-id=\"46808\" src=\"https:\/\/www.solidarnosc.org.pl\/bbial\/wp-content\/uploads\/2026\/04\/IMG20260428100058-1024x768.jpg\" alt=\"\" class=\"wp-image-46808\" srcset=\"https:\/\/www.solidarnosc.org.pl\/bbial\/wp-content\/uploads\/2026\/04\/IMG20260428100058-1024x768.jpg 1024w, https:\/\/www.solidarnosc.org.pl\/bbial\/wp-content\/uploads\/2026\/04\/IMG20260428100058-400x300.jpg 400w, https:\/\/www.solidarnosc.org.pl\/bbial\/wp-content\/uploads\/2026\/04\/IMG20260428100058-768x576.jpg 768w, https:\/\/www.solidarnosc.org.pl\/bbial\/wp-content\/uploads\/2026\/04\/IMG20260428100058-1536x1152.jpg 1536w, https:\/\/www.solidarnosc.org.pl\/bbial\/wp-content\/uploads\/2026\/04\/IMG20260428100058-2048x1536.jpg 2048w\" sizes=\"(max-width: 1024px) 100vw, 1024px\" \/><\/figure>\n\n\n\n<figure class=\"wp-block-image size-large\"><img loading=\"lazy\" decoding=\"async\" width=\"1024\" height=\"768\" data-id=\"46810\" src=\"https:\/\/www.solidarnosc.org.pl\/bbial\/wp-content\/uploads\/2026\/04\/IMG20260428100155-1024x768.jpg\" alt=\"\" class=\"wp-image-46810\" srcset=\"https:\/\/www.solidarnosc.org.pl\/bbial\/wp-content\/uploads\/2026\/04\/IMG20260428100155-1024x768.jpg 1024w, https:\/\/www.solidarnosc.org.pl\/bbial\/wp-content\/uploads\/2026\/04\/IMG20260428100155-400x300.jpg 400w, https:\/\/www.solidarnosc.org.pl\/bbial\/wp-content\/uploads\/2026\/04\/IMG20260428100155-768x576.jpg 768w, https:\/\/www.solidarnosc.org.pl\/bbial\/wp-content\/uploads\/2026\/04\/IMG20260428100155-1536x1152.jpg 1536w, https:\/\/www.solidarnosc.org.pl\/bbial\/wp-content\/uploads\/2026\/04\/IMG20260428100155-2048x1536.jpg 2048w\" sizes=\"(max-width: 1024px) 100vw, 1024px\" \/><\/figure>\n\n\n\n<figure class=\"wp-block-image size-large\"><img loading=\"lazy\" decoding=\"async\" width=\"1024\" height=\"768\" data-id=\"46809\" src=\"https:\/\/www.solidarnosc.org.pl\/bbial\/wp-content\/uploads\/2026\/04\/IMG20260428100136-1024x768.jpg\" alt=\"\" class=\"wp-image-46809\" srcset=\"https:\/\/www.solidarnosc.org.pl\/bbial\/wp-content\/uploads\/2026\/04\/IMG20260428100136-1024x768.jpg 1024w, https:\/\/www.solidarnosc.org.pl\/bbial\/wp-content\/uploads\/2026\/04\/IMG20260428100136-400x300.jpg 400w, https:\/\/www.solidarnosc.org.pl\/bbial\/wp-content\/uploads\/2026\/04\/IMG20260428100136-768x576.jpg 768w, https:\/\/www.solidarnosc.org.pl\/bbial\/wp-content\/uploads\/2026\/04\/IMG20260428100136-1536x1152.jpg 1536w, https:\/\/www.solidarnosc.org.pl\/bbial\/wp-content\/uploads\/2026\/04\/IMG20260428100136-2048x1536.jpg 2048w\" sizes=\"(max-width: 1024px) 100vw, 1024px\" \/><\/figure>\n\n\n\n<figure class=\"wp-block-image size-large\"><img loading=\"lazy\" decoding=\"async\" width=\"1024\" height=\"768\" data-id=\"46811\" src=\"https:\/\/www.solidarnosc.org.pl\/bbial\/wp-content\/uploads\/2026\/04\/IMG20260428100559-1024x768.jpg\" alt=\"\" class=\"wp-image-46811\" srcset=\"https:\/\/www.solidarnosc.org.pl\/bbial\/wp-content\/uploads\/2026\/04\/IMG20260428100559-1024x768.jpg 1024w, https:\/\/www.solidarnosc.org.pl\/bbial\/wp-content\/uploads\/2026\/04\/IMG20260428100559-400x300.jpg 400w, https:\/\/www.solidarnosc.org.pl\/bbial\/wp-content\/uploads\/2026\/04\/IMG20260428100559-768x576.jpg 768w, https:\/\/www.solidarnosc.org.pl\/bbial\/wp-content\/uploads\/2026\/04\/IMG20260428100559-1536x1152.jpg 1536w, https:\/\/www.solidarnosc.org.pl\/bbial\/wp-content\/uploads\/2026\/04\/IMG20260428100559-2048x1536.jpg 2048w\" sizes=\"(max-width: 1024px) 100vw, 1024px\" \/><\/figure>\n\n\n\n<figure class=\"wp-block-image size-large\"><img loading=\"lazy\" decoding=\"async\" width=\"1024\" height=\"768\" data-id=\"46802\" src=\"https:\/\/www.solidarnosc.org.pl\/bbial\/wp-content\/uploads\/2026\/04\/IMG20260428100647-1024x768.jpg\" alt=\"\" class=\"wp-image-46802\" srcset=\"https:\/\/www.solidarnosc.org.pl\/bbial\/wp-content\/uploads\/2026\/04\/IMG20260428100647-1024x768.jpg 1024w, https:\/\/www.solidarnosc.org.pl\/bbial\/wp-content\/uploads\/2026\/04\/IMG20260428100647-400x300.jpg 400w, https:\/\/www.solidarnosc.org.pl\/bbial\/wp-content\/uploads\/2026\/04\/IMG20260428100647-768x576.jpg 768w, https:\/\/www.solidarnosc.org.pl\/bbial\/wp-content\/uploads\/2026\/04\/IMG20260428100647-1536x1152.jpg 1536w, https:\/\/www.solidarnosc.org.pl\/bbial\/wp-content\/uploads\/2026\/04\/IMG20260428100647-2048x1536.jpg 2048w\" sizes=\"(max-width: 1024px) 100vw, 1024px\" \/><\/figure>\n\n\n\n<figure class=\"wp-block-image size-large\"><img loading=\"lazy\" decoding=\"async\" width=\"1024\" height=\"768\" data-id=\"46801\" src=\"https:\/\/www.solidarnosc.org.pl\/bbial\/wp-content\/uploads\/2026\/04\/IMG20260428100627-1024x768.jpg\" alt=\"\" class=\"wp-image-46801\" srcset=\"https:\/\/www.solidarnosc.org.pl\/bbial\/wp-content\/uploads\/2026\/04\/IMG20260428100627-1024x768.jpg 1024w, https:\/\/www.solidarnosc.org.pl\/bbial\/wp-content\/uploads\/2026\/04\/IMG20260428100627-400x300.jpg 400w, https:\/\/www.solidarnosc.org.pl\/bbial\/wp-content\/uploads\/2026\/04\/IMG20260428100627-768x576.jpg 768w, https:\/\/www.solidarnosc.org.pl\/bbial\/wp-content\/uploads\/2026\/04\/IMG20260428100627-1536x1152.jpg 1536w, https:\/\/www.solidarnosc.org.pl\/bbial\/wp-content\/uploads\/2026\/04\/IMG20260428100627-2048x1536.jpg 2048w\" sizes=\"(max-width: 1024px) 100vw, 1024px\" \/><\/figure>\n\n\n\n<figure class=\"wp-block-image size-large\"><img loading=\"lazy\" decoding=\"async\" width=\"1024\" height=\"768\" data-id=\"46803\" src=\"https:\/\/www.solidarnosc.org.pl\/bbial\/wp-content\/uploads\/2026\/04\/IMG20260428095152-1024x768.jpg\" alt=\"\" class=\"wp-image-46803\" srcset=\"https:\/\/www.solidarnosc.org.pl\/bbial\/wp-content\/uploads\/2026\/04\/IMG20260428095152-1024x768.jpg 1024w, https:\/\/www.solidarnosc.org.pl\/bbial\/wp-content\/uploads\/2026\/04\/IMG20260428095152-400x300.jpg 400w, https:\/\/www.solidarnosc.org.pl\/bbial\/wp-content\/uploads\/2026\/04\/IMG20260428095152-768x576.jpg 768w, https:\/\/www.solidarnosc.org.pl\/bbial\/wp-content\/uploads\/2026\/04\/IMG20260428095152-1536x1152.jpg 1536w, https:\/\/www.solidarnosc.org.pl\/bbial\/wp-content\/uploads\/2026\/04\/IMG20260428095152-2048x1536.jpg 2048w\" sizes=\"(max-width: 1024px) 100vw, 1024px\" \/><\/figure>\n<\/figure>\n","protected":false},"excerpt":{"rendered":"<p>28 kwietnia obchodzimy \u015awiatowy Dzie\u0144 Pami\u0119ci Ofiar Wypadk\u00f3w przy Pracy i Chor\u00f3b Zawodowych. Z tej okazji podbeskidzka Solidarno\u015b\u0107 zorganizowa\u0142a tradycyjne doroczne seminarium bhp. Pami\u0119tano te\u017c o tych, kt\u00f3rzy w takich wypadkach stracili \u017cycie. Na pocz\u0105tku seminarium uczestnicy spotkania z\u0142o\u017cyli kwiaty i znicze przy pomniku upami\u0119tniaj\u0105cym podbeskidzkich zwi\u0105zkowc\u00f3w, kt\u00f3rzy stracili \u017cycie w trakcie wype\u0142niania swych obowi\u0105zk\u00f3w [&hellip;]<\/p>\n","protected":false},"author":1991,"featured_media":46813,"comment_status":"closed","ping_status":"open","sticky":false,"template":"","format":"standard","meta":{"footnotes":""},"categories":[88,16],"tags":[351,300,122],"class_list":["post-46815","post","type-post","status-publish","format-standard","has-post-thumbnail","hentry","category-klub-sip","category-solidarnosc","tag-bhp","tag-seminarium","tag-sip"],"_links":{"self":[{"href":"https:\/\/www.solidarnosc.org.pl\/bbial\/wp-json\/wp\/v2\/posts\/46815","targetHints":{"allow":["GET"]}}],"collection":[{"href":"https:\/\/www.solidarnosc.org.pl\/bbial\/wp-json\/wp\/v2\/posts"}],"about":[{"href":"https:\/\/www.solidarnosc.org.pl\/bbial\/wp-json\/wp\/v2\/types\/post"}],"author":[{"embeddable":true,"href":"https:\/\/www.solidarnosc.org.pl\/bbial\/wp-json\/wp\/v2\/users\/1991"}],"replies":[{"embeddable":true,"href":"https:\/\/www.solidarnosc.org.pl\/bbial\/wp-json\/wp\/v2\/comments?post=46815"}],"version-history":[{"count":1,"href":"https:\/\/www.solidarnosc.org.pl\/bbial\/wp-json\/wp\/v2\/posts\/46815\/revisions"}],"predecessor-version":[{"id":46816,"href":"https:\/\/www.solidarnosc.org.pl\/bbial\/wp-json\/wp\/v2\/posts\/46815\/revisions\/46816"}],"wp:featuredmedia":[{"embeddable":true,"href":"https:\/\/www.solidarnosc.org.pl\/bbial\/wp-json\/wp\/v2\/media\/46813"}],"wp:attachment":[{"href":"https:\/\/www.solidarnosc.org.pl\/bbial\/wp-json\/wp\/v2\/media?parent=46815"}],"wp:term":[{"taxonomy":"category","embeddable":true,"href":"https:\/\/www.solidarnosc.org.pl\/bbial\/wp-json\/wp\/v2\/categories?post=46815"},{"taxonomy":"post_tag","embeddable":true,"href":"https:\/\/www.solidarnosc.org.pl\/bbial\/wp-json\/wp\/v2\/tags?post=46815"}],"curies":[{"name":"wp","href":"https:\/\/api.w.org\/{rel}","templated":true}]}}