{"id":46698,"date":"2026-04-22T09:30:45","date_gmt":"2026-04-22T07:30:45","guid":{"rendered":"https:\/\/www.solidarnosc.org.pl\/bbial\/?p=46698"},"modified":"2026-04-22T09:30:45","modified_gmt":"2026-04-22T07:30:45","slug":"xxv-ogolnopolska-pielgrzymka-nszz-solidarnosc","status":"publish","type":"post","link":"https:\/\/www.solidarnosc.org.pl\/bbial\/xxv-ogolnopolska-pielgrzymka-nszz-solidarnosc\/","title":{"rendered":"XXV Og\u00f3lnopolska Pielgrzymka NSZZ \u201eSolidarno\u015b\u0107\u201d"},"content":{"rendered":"\n<p><img decoding=\"async\" height=\"16\" width=\"16\" src=\"https:\/\/static.xx.fbcdn.net\/images\/emoji.php\/v9\/t80\/1\/16\/1f64f.png\" alt=\"\ud83d\ude4f\"><img decoding=\"async\" height=\"16\" width=\"16\" src=\"https:\/\/static.xx.fbcdn.net\/images\/emoji.php\/v9\/te0\/1\/16\/1f1f5_1f1f1.png\" alt=\"\ud83c\uddf5\ud83c\uddf1\"> <strong>XXV Og\u00f3lnopolska Pielgrzymka NSZZ \u201eSolidarno\u015b\u0107\u201d<\/strong> <img decoding=\"async\" height=\"16\" width=\"16\" src=\"https:\/\/static.xx.fbcdn.net\/images\/emoji.php\/v9\/te0\/1\/16\/1f1f5_1f1f1.png\" alt=\"\ud83c\uddf5\ud83c\uddf1\"><img decoding=\"async\" height=\"16\" width=\"16\" src=\"https:\/\/static.xx.fbcdn.net\/images\/emoji.php\/v9\/t80\/1\/16\/1f64f.png\" alt=\"\ud83d\ude4f\"><\/p>\n\n\n\n<p>Ju\u017c w dniach 25\u201326 kwietnia 2026 r. odb\u0119dzie si\u0119 jubileuszowa, XXV Og\u00f3lnopolska Pielgrzymka NSZZ \u201eSolidarno\u015b\u0107\u201d do sanktuarium maryjnego w Licheniu.<\/p>\n\n\n\n<p>Tegoroczne has\u0142o:<\/p>\n\n\n\n<p><img decoding=\"async\" height=\"16\" width=\"16\" alt=\"\u2728\" src=\"https:\/\/static.xx.fbcdn.net\/images\/emoji.php\/v9\/tf4\/1\/16\/2728.png\"> \u201eUczniowie misjonarze u Maryi\u201d <img decoding=\"async\" height=\"16\" width=\"16\" alt=\"\u2728\" src=\"https:\/\/static.xx.fbcdn.net\/images\/emoji.php\/v9\/tf4\/1\/16\/2728.png\"><\/p>\n\n\n\n<p>To wyj\u0105tkowy czas wsp\u00f3lnej modlitwy, refleksji i budowania jedno\u015bci w duchu warto\u015bci, kt\u00f3re od lat s\u0105 fundamentem naszego zwi\u0105zku.<\/p>\n\n\n\n<p>Do Lichenia przyb\u0119d\u0105 zwi\u0105zkowcy oraz sympatycy z ca\u0142ej Polski, kontynuuj\u0105c pi\u0119kn\u0105, 25-letni\u0105 tradycj\u0119 wsp\u00f3lnego pielgrzymowania. <img loading=\"lazy\" decoding=\"async\" height=\"16\" width=\"16\" alt=\"\ud83d\ude4c\" src=\"https:\/\/static.xx.fbcdn.net\/images\/emoji.php\/v9\/tfd\/1\/16\/1f64c.png\"><\/p>\n\n\n\n<p><img loading=\"lazy\" decoding=\"async\" height=\"16\" width=\"16\" alt=\"\ud83d\ude8c\" src=\"https:\/\/static.xx.fbcdn.net\/images\/emoji.php\/v9\/t79\/1\/16\/1f68c.png\"> Informacje wyjazdowe z regionu:<\/p>\n\n\n\n<p><img loading=\"lazy\" decoding=\"async\" height=\"16\" width=\"16\" src=\"https:\/\/static.xx.fbcdn.net\/images\/emoji.php\/v9\/t9e\/1\/16\/27a1.png\" alt=\"\u27a1\ufe0f\"> <a href=\"https:\/\/www.facebook.com\/hashtag\/autokar_1?__cft__[0]=AZa-7eDGpY6WuzAM4KDhGce_g-_PZOcOXRHSh4NyxcU8apAZxHSvKCo2pOXdOODWvsUff-xexQ4cY91gmDXZi2x6i4abERWnQQ4bOoq72HG4ZkWQ79wzC-hhmJD87EFwZD8lNBHX9-bci7FEvx8GeZTa0CUoFDBIP6d8ow68JaMDjs0W0d481yrxKb1vKl1q_ks&amp;__tn__=*NK-R\"><strong><mark style=\"background-color:rgba(0, 0, 0, 0)\" class=\"has-inline-color has-vivid-cyan-blue-color\">#Autokar 1<\/mark><\/strong><\/a><\/p>\n\n\n\n<p><img loading=\"lazy\" decoding=\"async\" height=\"16\" width=\"16\" alt=\"\ud83d\udccd\" src=\"https:\/\/static.xx.fbcdn.net\/images\/emoji.php\/v9\/t2d\/1\/16\/1f4cd.png\"> Jele\u015bnia \u2013 Aptiv<\/p>\n\n\n\n<p><img loading=\"lazy\" decoding=\"async\" height=\"16\" width=\"16\" alt=\"\ud83d\udd55\" src=\"https:\/\/static.xx.fbcdn.net\/images\/emoji.php\/v9\/t2d\/1\/16\/1f555.png\"> godz. 6:15<\/p>\n\n\n\n<p><img loading=\"lazy\" decoding=\"async\" height=\"16\" width=\"16\" alt=\"\ud83d\udc64\" src=\"https:\/\/static.xx.fbcdn.net\/images\/emoji.php\/v9\/ta\/1\/16\/1f464.png\"> Kierownik grupy: Pawe\u0142 \u0141abuz<\/p>\n\n\n\n<p><img loading=\"lazy\" decoding=\"async\" height=\"16\" width=\"16\" alt=\"\ud83d\udcde\" src=\"https:\/\/static.xx.fbcdn.net\/images\/emoji.php\/v9\/t4d\/1\/16\/1f4de.png\"> 501 534 604<\/p>\n\n\n\n<p><img loading=\"lazy\" decoding=\"async\" height=\"16\" width=\"16\" src=\"https:\/\/static.xx.fbcdn.net\/images\/emoji.php\/v9\/t9e\/1\/16\/27a1.png\" alt=\"\u27a1\ufe0f\"> <a href=\"https:\/\/www.facebook.com\/hashtag\/autokar_2?__cft__[0]=AZa-7eDGpY6WuzAM4KDhGce_g-_PZOcOXRHSh4NyxcU8apAZxHSvKCo2pOXdOODWvsUff-xexQ4cY91gmDXZi2x6i4abERWnQQ4bOoq72HG4ZkWQ79wzC-hhmJD87EFwZD8lNBHX9-bci7FEvx8GeZTa0CUoFDBIP6d8ow68JaMDjs0W0d481yrxKb1vKl1q_ks&amp;__tn__=*NK-R\"><strong><mark style=\"background-color:rgba(0, 0, 0, 0)\" class=\"has-inline-color has-vivid-cyan-blue-color\">#Autokar 2<\/mark><\/strong><\/a><\/p>\n\n\n\n<p><img loading=\"lazy\" decoding=\"async\" height=\"16\" width=\"16\" alt=\"\ud83d\udccd\" src=\"https:\/\/static.xx.fbcdn.net\/images\/emoji.php\/v9\/t2d\/1\/16\/1f4cd.png\"> Bielsko-Bia\u0142a \u2013 stacja BP przy dworcu<\/p>\n\n\n\n<p><img loading=\"lazy\" decoding=\"async\" height=\"16\" width=\"16\" alt=\"\ud83d\udd55\" src=\"https:\/\/static.xx.fbcdn.net\/images\/emoji.php\/v9\/t2d\/1\/16\/1f555.png\"> godz. 6:30<\/p>\n\n\n\n<p><img loading=\"lazy\" decoding=\"async\" height=\"16\" width=\"16\" alt=\"\ud83d\udc64\" src=\"https:\/\/static.xx.fbcdn.net\/images\/emoji.php\/v9\/ta\/1\/16\/1f464.png\"> Kierownik grupy: \u0141ukasz Lewandowski<\/p>\n\n\n\n<p><img loading=\"lazy\" decoding=\"async\" height=\"16\" width=\"16\" alt=\"\ud83d\udcde\" src=\"https:\/\/static.xx.fbcdn.net\/images\/emoji.php\/v9\/t4d\/1\/16\/1f4de.png\"> 533 136 055<\/p>\n\n\n\n<p><img loading=\"lazy\" decoding=\"async\" height=\"16\" width=\"16\" src=\"https:\/\/static.xx.fbcdn.net\/images\/emoji.php\/v9\/t9e\/1\/16\/27a1.png\" alt=\"\u27a1\ufe0f\"> <a href=\"https:\/\/www.facebook.com\/hashtag\/autokar_3?__cft__[0]=AZa-7eDGpY6WuzAM4KDhGce_g-_PZOcOXRHSh4NyxcU8apAZxHSvKCo2pOXdOODWvsUff-xexQ4cY91gmDXZi2x6i4abERWnQQ4bOoq72HG4ZkWQ79wzC-hhmJD87EFwZD8lNBHX9-bci7FEvx8GeZTa0CUoFDBIP6d8ow68JaMDjs0W0d481yrxKb1vKl1q_ks&amp;__tn__=*NK-R\"><mark style=\"background-color:rgba(0, 0, 0, 0)\" class=\"has-inline-color has-vivid-cyan-blue-color\"><strong>#Autokar 3<\/strong><\/mark><\/a><\/p>\n\n\n\n<p><img loading=\"lazy\" decoding=\"async\" height=\"16\" width=\"16\" alt=\"\ud83d\udccd\" src=\"https:\/\/static.xx.fbcdn.net\/images\/emoji.php\/v9\/t2d\/1\/16\/1f4cd.png\"> \u017bywiec (Sporysz)<\/p>\n\n\n\n<p><img loading=\"lazy\" decoding=\"async\" height=\"16\" width=\"16\" alt=\"\ud83d\udd54\" src=\"https:\/\/static.xx.fbcdn.net\/images\/emoji.php\/v9\/tac\/1\/16\/1f554.png\"> godz. 5:00<\/p>\n\n\n\n<p><img loading=\"lazy\" decoding=\"async\" height=\"16\" width=\"16\" alt=\"\ud83d\udc64\" src=\"https:\/\/static.xx.fbcdn.net\/images\/emoji.php\/v9\/ta\/1\/16\/1f464.png\"> Kierownik grupy: Celina J\u0119dras<\/p>\n\n\n\n<p><img loading=\"lazy\" decoding=\"async\" height=\"16\" width=\"16\" alt=\"\ud83d\udcde\" src=\"https:\/\/static.xx.fbcdn.net\/images\/emoji.php\/v9\/t4d\/1\/16\/1f4de.png\"> 501 645 067<\/p>\n\n\n\n<p><img loading=\"lazy\" decoding=\"async\" height=\"16\" width=\"16\" alt=\"\ud83e\udd1d\" src=\"https:\/\/static.xx.fbcdn.net\/images\/emoji.php\/v9\/t64\/1\/16\/1f91d.png\"> To nie tylko wydarzenie religijne, ale tak\u017ce okazja do spotkania, rozm\u00f3w i umocnienia wsp\u00f3lnoty.<\/p>\n\n\n\n<p>Serdecznie zapraszamy do udzia\u0142u!<\/p>\n\n\n\n<p>Niech nas nie zabraknie w tym wa\u017cnym jubileuszu <img loading=\"lazy\" decoding=\"async\" height=\"16\" width=\"16\" alt=\"\ud83d\udc99\" src=\"https:\/\/static.xx.fbcdn.net\/images\/emoji.php\/v9\/t6c\/1\/16\/1f499.png\"><\/p>\n\n\n\n<p><a href=\"https:\/\/www.facebook.com\/hashtag\/solidarno%C5%9B%C4%87?__cft__[0]=AZa-7eDGpY6WuzAM4KDhGce_g-_PZOcOXRHSh4NyxcU8apAZxHSvKCo2pOXdOODWvsUff-xexQ4cY91gmDXZi2x6i4abERWnQQ4bOoq72HG4ZkWQ79wzC-hhmJD87EFwZD8lNBHX9-bci7FEvx8GeZTa0CUoFDBIP6d8ow68JaMDjs0W0d481yrxKb1vKl1q_ks&amp;__tn__=*NK-R\"><mark style=\"background-color:rgba(0, 0, 0, 0)\" class=\"has-inline-color has-vivid-cyan-blue-color\">#Solidarno\u015b\u0107 <\/mark><\/a><a href=\"https:\/\/www.facebook.com\/hashtag\/pielgrzymka?__cft__[0]=AZa-7eDGpY6WuzAM4KDhGce_g-_PZOcOXRHSh4NyxcU8apAZxHSvKCo2pOXdOODWvsUff-xexQ4cY91gmDXZi2x6i4abERWnQQ4bOoq72HG4ZkWQ79wzC-hhmJD87EFwZD8lNBHX9-bci7FEvx8GeZTa0CUoFDBIP6d8ow68JaMDjs0W0d481yrxKb1vKl1q_ks&amp;__tn__=*NK-R\"><mark style=\"background-color:rgba(0, 0, 0, 0)\" class=\"has-inline-color has-vivid-cyan-blue-color\">#Pielgrzymka <\/mark><\/a><a href=\"https:\/\/www.facebook.com\/hashtag\/liche%C5%84?__cft__[0]=AZa-7eDGpY6WuzAM4KDhGce_g-_PZOcOXRHSh4NyxcU8apAZxHSvKCo2pOXdOODWvsUff-xexQ4cY91gmDXZi2x6i4abERWnQQ4bOoq72HG4ZkWQ79wzC-hhmJD87EFwZD8lNBHX9-bci7FEvx8GeZTa0CUoFDBIP6d8ow68JaMDjs0W0d481yrxKb1vKl1q_ks&amp;__tn__=*NK-R\"><mark style=\"background-color:rgba(0, 0, 0, 0)\" class=\"has-inline-color has-vivid-cyan-blue-color\">#Liche\u0144 <\/mark><\/a><a href=\"https:\/\/www.facebook.com\/hashtag\/wsp%C3%B3lnota?__cft__[0]=AZa-7eDGpY6WuzAM4KDhGce_g-_PZOcOXRHSh4NyxcU8apAZxHSvKCo2pOXdOODWvsUff-xexQ4cY91gmDXZi2x6i4abERWnQQ4bOoq72HG4ZkWQ79wzC-hhmJD87EFwZD8lNBHX9-bci7FEvx8GeZTa0CUoFDBIP6d8ow68JaMDjs0W0d481yrxKb1vKl1q_ks&amp;__tn__=*NK-R\"><mark style=\"background-color:rgba(0, 0, 0, 0)\" class=\"has-inline-color has-vivid-cyan-blue-color\">#Wsp\u00f3lnota <\/mark><\/a><a href=\"https:\/\/www.facebook.com\/hashtag\/tradycja?__cft__[0]=AZa-7eDGpY6WuzAM4KDhGce_g-_PZOcOXRHSh4NyxcU8apAZxHSvKCo2pOXdOODWvsUff-xexQ4cY91gmDXZi2x6i4abERWnQQ4bOoq72HG4ZkWQ79wzC-hhmJD87EFwZD8lNBHX9-bci7FEvx8GeZTa0CUoFDBIP6d8ow68JaMDjs0W0d481yrxKb1vKl1q_ks&amp;__tn__=*NK-R\"><mark style=\"background-color:rgba(0, 0, 0, 0)\" class=\"has-inline-color has-vivid-cyan-blue-color\">#Tradycja<\/mark><\/a><\/p>\n","protected":false},"excerpt":{"rendered":"<p>XXV Og\u00f3lnopolska Pielgrzymka NSZZ \u201eSolidarno\u015b\u0107\u201d Ju\u017c w dniach 25\u201326 kwietnia 2026 r. odb\u0119dzie si\u0119 jubileuszowa, XXV Og\u00f3lnopolska Pielgrzymka NSZZ \u201eSolidarno\u015b\u0107\u201d do sanktuarium maryjnego w Licheniu. Tegoroczne has\u0142o: \u201eUczniowie misjonarze u Maryi\u201d To wyj\u0105tkowy czas wsp\u00f3lnej modlitwy, refleksji i budowania jedno\u015bci w duchu warto\u015bci, kt\u00f3re od lat s\u0105 fundamentem naszego zwi\u0105zku. Do Lichenia przyb\u0119d\u0105 zwi\u0105zkowcy oraz [&hellip;]<\/p>\n","protected":false},"author":1990,"featured_media":46699,"comment_status":"closed","ping_status":"open","sticky":false,"template":"","format":"standard","meta":{"footnotes":""},"categories":[16],"tags":[],"class_list":["post-46698","post","type-post","status-publish","format-standard","has-post-thumbnail","hentry","category-solidarnosc"],"_links":{"self":[{"href":"https:\/\/www.solidarnosc.org.pl\/bbial\/wp-json\/wp\/v2\/posts\/46698","targetHints":{"allow":["GET"]}}],"collection":[{"href":"https:\/\/www.solidarnosc.org.pl\/bbial\/wp-json\/wp\/v2\/posts"}],"about":[{"href":"https:\/\/www.solidarnosc.org.pl\/bbial\/wp-json\/wp\/v2\/types\/post"}],"author":[{"embeddable":true,"href":"https:\/\/www.solidarnosc.org.pl\/bbial\/wp-json\/wp\/v2\/users\/1990"}],"replies":[{"embeddable":true,"href":"https:\/\/www.solidarnosc.org.pl\/bbial\/wp-json\/wp\/v2\/comments?post=46698"}],"version-history":[{"count":1,"href":"https:\/\/www.solidarnosc.org.pl\/bbial\/wp-json\/wp\/v2\/posts\/46698\/revisions"}],"predecessor-version":[{"id":46700,"href":"https:\/\/www.solidarnosc.org.pl\/bbial\/wp-json\/wp\/v2\/posts\/46698\/revisions\/46700"}],"wp:featuredmedia":[{"embeddable":true,"href":"https:\/\/www.solidarnosc.org.pl\/bbial\/wp-json\/wp\/v2\/media\/46699"}],"wp:attachment":[{"href":"https:\/\/www.solidarnosc.org.pl\/bbial\/wp-json\/wp\/v2\/media?parent=46698"}],"wp:term":[{"taxonomy":"category","embeddable":true,"href":"https:\/\/www.solidarnosc.org.pl\/bbial\/wp-json\/wp\/v2\/categories?post=46698"},{"taxonomy":"post_tag","embeddable":true,"href":"https:\/\/www.solidarnosc.org.pl\/bbial\/wp-json\/wp\/v2\/tags?post=46698"}],"curies":[{"name":"wp","href":"https:\/\/api.w.org\/{rel}","templated":true}]}}