{"id":46373,"date":"2026-03-04T16:13:24","date_gmt":"2026-03-04T14:13:24","guid":{"rendered":"https:\/\/www.solidarnosc.org.pl\/bbial\/?p=46373"},"modified":"2026-03-04T16:13:24","modified_gmt":"2026-03-04T14:13:24","slug":"terminy-sprawozdawcze-za-2025-rok-nie-przegap-kluczowych-dat","status":"publish","type":"post","link":"https:\/\/www.solidarnosc.org.pl\/bbial\/terminy-sprawozdawcze-za-2025-rok-nie-przegap-kluczowych-dat\/","title":{"rendered":"Terminy sprawozdawcze za 2025 rok \u2013 nie przegap kluczowych dat!"},"content":{"rendered":"\n<p>\ud83d\udce2 <strong>Terminy sprawozdawcze za 2025 rok \u2013 nie przegap kluczowych dat!<\/strong> \ud83d\udcc5<\/p>\n\n\n\n<p>Przypominamy o ustawowym <mark style=\"background-color:rgba(0, 0, 0, 0)\" class=\"has-inline-color has-vivid-cyan-blue-color\">#obowi\u0105zku<\/mark>:<\/p>\n\n\n\n<p>\ud83e\uddfe z\u0142o\u017cenia zeznania podatkowego CIT-8<br>\ud83d\udcca sporz\u0105dzenia <mark style=\"background-color:rgba(0, 0, 0, 0)\" class=\"has-inline-color has-vivid-cyan-blue-color\">#sprawozdania<\/mark> finansowego<br>\ud83d\udcbb utworzenia i przes\u0142ania e-sprawozdania finansowego do Szefa KAS<\/p>\n\n\n\n<p>\ud83d\udd0e Sprawozdanie <mark style=\"background-color:rgba(0, 0, 0, 0)\" class=\"has-inline-color has-vivid-cyan-blue-color\">#finansowe<\/mark><br>(bilans, RZiS, informacja dodatkowa)<br>\u23f3 Termin sporz\u0105dzenia i podpisania: do 31 marca 2026 r.<\/p>\n\n\n\n<p>\ud83e\uddfe Zeznanie <mark style=\"background-color:rgba(0, 0, 0, 0)\" class=\"has-inline-color has-vivid-cyan-blue-color\">#podatkowe<\/mark> CIT-8<br>\u23f3 Termin z\u0142o\u017cenia deklaracji: do 31 marca 2026 r.<\/p>\n\n\n\n<p>\u26a0\ufe0f Nie odk\u0142adaj na ostatni\u0105 chwil\u0119 \u2013 odpowiednie przygotowanie dokument\u00f3w to spok\u00f3j, bezpiecze\u0144stwo i brak niepotrzebnego stresu.<\/p>\n\n\n\n<p>Masz pytania? Skontaktuj si\u0119 z nami \u2013 pomo\u017cemy przej\u015b\u0107 przez proces krok po kroku. \ud83e\udd1d<\/p>\n","protected":false},"excerpt":{"rendered":"<p>\ud83d\udce2 Terminy sprawozdawcze za 2025 rok \u2013 nie przegap kluczowych dat! \ud83d\udcc5 Przypominamy o ustawowym #obowi\u0105zku: \ud83e\uddfe z\u0142o\u017cenia zeznania podatkowego CIT-8\ud83d\udcca sporz\u0105dzenia #sprawozdania finansowego\ud83d\udcbb utworzenia i przes\u0142ania e-sprawozdania finansowego do Szefa KAS \ud83d\udd0e Sprawozdanie #finansowe(bilans, RZiS, informacja dodatkowa)\u23f3 Termin sporz\u0105dzenia i podpisania: do 31 marca 2026 r. \ud83e\uddfe Zeznanie #podatkowe CIT-8\u23f3 Termin z\u0142o\u017cenia deklaracji: do [&hellip;]<\/p>\n","protected":false},"author":1990,"featured_media":46374,"comment_status":"closed","ping_status":"open","sticky":false,"template":"","format":"standard","meta":{"footnotes":""},"categories":[16],"tags":[],"class_list":["post-46373","post","type-post","status-publish","format-standard","has-post-thumbnail","hentry","category-solidarnosc"],"_links":{"self":[{"href":"https:\/\/www.solidarnosc.org.pl\/bbial\/wp-json\/wp\/v2\/posts\/46373","targetHints":{"allow":["GET"]}}],"collection":[{"href":"https:\/\/www.solidarnosc.org.pl\/bbial\/wp-json\/wp\/v2\/posts"}],"about":[{"href":"https:\/\/www.solidarnosc.org.pl\/bbial\/wp-json\/wp\/v2\/types\/post"}],"author":[{"embeddable":true,"href":"https:\/\/www.solidarnosc.org.pl\/bbial\/wp-json\/wp\/v2\/users\/1990"}],"replies":[{"embeddable":true,"href":"https:\/\/www.solidarnosc.org.pl\/bbial\/wp-json\/wp\/v2\/comments?post=46373"}],"version-history":[{"count":1,"href":"https:\/\/www.solidarnosc.org.pl\/bbial\/wp-json\/wp\/v2\/posts\/46373\/revisions"}],"predecessor-version":[{"id":46375,"href":"https:\/\/www.solidarnosc.org.pl\/bbial\/wp-json\/wp\/v2\/posts\/46373\/revisions\/46375"}],"wp:featuredmedia":[{"embeddable":true,"href":"https:\/\/www.solidarnosc.org.pl\/bbial\/wp-json\/wp\/v2\/media\/46374"}],"wp:attachment":[{"href":"https:\/\/www.solidarnosc.org.pl\/bbial\/wp-json\/wp\/v2\/media?parent=46373"}],"wp:term":[{"taxonomy":"category","embeddable":true,"href":"https:\/\/www.solidarnosc.org.pl\/bbial\/wp-json\/wp\/v2\/categories?post=46373"},{"taxonomy":"post_tag","embeddable":true,"href":"https:\/\/www.solidarnosc.org.pl\/bbial\/wp-json\/wp\/v2\/tags?post=46373"}],"curies":[{"name":"wp","href":"https:\/\/api.w.org\/{rel}","templated":true}]}}