{"id":46362,"date":"2026-03-02T16:06:51","date_gmt":"2026-03-02T14:06:51","guid":{"rendered":"https:\/\/www.solidarnosc.org.pl\/bbial\/?p=46362"},"modified":"2026-03-02T16:09:07","modified_gmt":"2026-03-02T14:09:07","slug":"konwent-przewodniczacych-zapraszamy","status":"publish","type":"post","link":"https:\/\/www.solidarnosc.org.pl\/bbial\/konwent-przewodniczacych-zapraszamy\/","title":{"rendered":"Konwent Przewodnicz\u0105cych \u2013 Zapraszamy"},"content":{"rendered":"\n<p><strong><img decoding=\"async\" height=\"16\" width=\"16\" src=\"https:\/\/static.xx.fbcdn.net\/images\/emoji.php\/v9\/t50\/1\/16\/1f525.png\" alt=\"\ud83d\udd25\"> Konwent Przewodnicz\u0105cych \u2013 Zapraszamy <img decoding=\"async\" height=\"16\" width=\"16\" src=\"https:\/\/static.xx.fbcdn.net\/images\/emoji.php\/v9\/t50\/1\/16\/1f525.png\" alt=\"\ud83d\udd25\"><\/strong><\/p>\n\n\n\n<p><img decoding=\"async\" height=\"16\" width=\"16\" alt=\"0\ufe0f\u20e3\" src=\"https:\/\/static.xx.fbcdn.net\/images\/emoji.php\/v9\/t5b\/1\/16\/30_20e3.png\"><img decoding=\"async\" height=\"16\" width=\"16\" alt=\"9\ufe0f\u20e3\" src=\"https:\/\/static.xx.fbcdn.net\/images\/emoji.php\/v9\/t72\/1\/16\/39_20e3.png\"> marca &#8211; Bielsko-Bia\u0142a<\/p>\n\n\n\n<p><img loading=\"lazy\" decoding=\"async\" height=\"16\" width=\"16\" alt=\"1\ufe0f\u20e3\" src=\"https:\/\/static.xx.fbcdn.net\/images\/emoji.php\/v9\/t7a\/1\/16\/31_20e3.png\"><img loading=\"lazy\" decoding=\"async\" height=\"16\" width=\"16\" alt=\"1\ufe0f\u20e3\" src=\"https:\/\/static.xx.fbcdn.net\/images\/emoji.php\/v9\/t7a\/1\/16\/31_20e3.png\"> marca &#8211; O\u015bwi\u0119cim<\/p>\n\n\n\n<p><img loading=\"lazy\" decoding=\"async\" height=\"16\" width=\"16\" alt=\"1\ufe0f\u20e3\" src=\"https:\/\/static.xx.fbcdn.net\/images\/emoji.php\/v9\/t7a\/1\/16\/31_20e3.png\"><img loading=\"lazy\" decoding=\"async\" height=\"16\" width=\"16\" alt=\"2\ufe0f\u20e3\" src=\"https:\/\/static.xx.fbcdn.net\/images\/emoji.php\/v9\/t99\/1\/16\/32_20e3.png\"> marca &#8211; \u017bywiec \/ Sucha Beskidzka<\/p>\n\n\n\n<p><img loading=\"lazy\" decoding=\"async\" height=\"16\" width=\"16\" alt=\"1\ufe0f\u20e3\" src=\"https:\/\/static.xx.fbcdn.net\/images\/emoji.php\/v9\/t7a\/1\/16\/31_20e3.png\"><img loading=\"lazy\" decoding=\"async\" height=\"16\" width=\"16\" alt=\"3\ufe0f\u20e3\" src=\"https:\/\/static.xx.fbcdn.net\/images\/emoji.php\/v9\/tb8\/1\/16\/33_20e3.png\"> marca &#8211; Cieszyn<\/p>\n\n\n\n<p><img loading=\"lazy\" decoding=\"async\" height=\"16\" width=\"16\" alt=\"1\ufe0f\u20e3\" src=\"https:\/\/static.xx.fbcdn.net\/images\/emoji.php\/v9\/t7a\/1\/16\/31_20e3.png\"><img loading=\"lazy\" decoding=\"async\" height=\"16\" width=\"16\" alt=\"6\ufe0f\u20e3\" src=\"https:\/\/static.xx.fbcdn.net\/images\/emoji.php\/v9\/t15\/1\/16\/36_20e3.png\"> marca &#8211; Skocz\u00f3w<\/p>\n\n\n\n<p>To b\u0119d\u0105 dni konkret\u00f3w, decyzji i realnego wp\u0142ywu na przysz\u0142o\u015b\u0107 naszej Organizacji! <img loading=\"lazy\" decoding=\"async\" height=\"16\" width=\"16\" alt=\"\ud83d\udcac\" src=\"https:\/\/static.xx.fbcdn.net\/images\/emoji.php\/v9\/t6e\/1\/16\/1f4ac.png\"><img loading=\"lazy\" decoding=\"async\" height=\"16\" width=\"16\" alt=\"\ud83d\udcca\" src=\"https:\/\/static.xx.fbcdn.net\/images\/emoji.php\/v9\/taa\/1\/16\/1f4ca.png\"><\/p>\n\n\n\n<p><img loading=\"lazy\" decoding=\"async\" height=\"16\" width=\"16\" alt=\"\ud83d\udcc5\" src=\"https:\/\/static.xx.fbcdn.net\/images\/emoji.php\/v9\/t7e\/1\/16\/1f4c5.png\"> Spotykamy si\u0119 w gronie przewodnicz\u0105cych, aby:<\/p>\n\n\n\n<p><img loading=\"lazy\" decoding=\"async\" height=\"16\" width=\"16\" alt=\"\u2705\" src=\"https:\/\/static.xx.fbcdn.net\/images\/emoji.php\/v9\/t33\/1\/16\/2705.png\"> podsumowa\u0107 dotychczasowe dzia\u0142ania,<\/p>\n\n\n\n<p><img loading=\"lazy\" decoding=\"async\" height=\"16\" width=\"16\" alt=\"\u2705\" src=\"https:\/\/static.xx.fbcdn.net\/images\/emoji.php\/v9\/t33\/1\/16\/2705.png\"> wyznaczy\u0107 nowe kierunki rozwoju,<\/p>\n\n\n\n<p><img loading=\"lazy\" decoding=\"async\" height=\"16\" width=\"16\" alt=\"\u2705\" src=\"https:\/\/static.xx.fbcdn.net\/images\/emoji.php\/v9\/t33\/1\/16\/2705.png\"> om\u00f3wi\u0107 kluczowe wyzwania i rozwi\u0105zania,<\/p>\n\n\n\n<p><img loading=\"lazy\" decoding=\"async\" height=\"16\" width=\"16\" alt=\"\u2705\" src=\"https:\/\/static.xx.fbcdn.net\/images\/emoji.php\/v9\/t33\/1\/16\/2705.png\"> wzmocni\u0107 wsp\u00f3\u0142prac\u0119 oraz wymian\u0119 do\u015bwiadcze\u0144.<\/p>\n\n\n\n<p>To przestrze\u0144 dla lider\u00f3w, kt\u00f3rzy nie boj\u0105 si\u0119 odpowiedzialno\u015bci i chc\u0105 dzia\u0142a\u0107 skutecznie. <img loading=\"lazy\" decoding=\"async\" height=\"16\" width=\"16\" alt=\"\ud83d\udcaa\" src=\"https:\/\/static.xx.fbcdn.net\/images\/emoji.php\/v9\/t6c\/1\/16\/1f4aa.png\"><\/p>\n\n\n\n<p>Razem budujemy silne struktury, podejmujemy odwa\u017cne decyzje i wyznaczamy standardy na kolejne miesi\u0105ce.<img loading=\"lazy\" decoding=\"async\" height=\"16\" width=\"16\" alt=\"\ud83e\udd1d\" src=\"https:\/\/static.xx.fbcdn.net\/images\/emoji.php\/v9\/t64\/1\/16\/1f91d.png\"><\/p>\n\n\n\n<p><img loading=\"lazy\" decoding=\"async\" height=\"16\" width=\"16\" alt=\"\ud83d\udd14\" src=\"https:\/\/static.xx.fbcdn.net\/images\/emoji.php\/v9\/t30\/1\/16\/1f514.png\"> Zarezerwujcie termin i b\u0105d\u017acie gotowi na merytoryczn\u0105, intensywn\u0105 i inspiruj\u0105c\u0105 dyskusj\u0119!<\/p>\n\n\n\n<p><mark style=\"background-color:rgba(0, 0, 0, 0)\" class=\"has-inline-color has-vivid-cyan-blue-color\"><a href=\"https:\/\/www.facebook.com\/hashtag\/konwentprzewodnicz%C4%85cych?__eep__=6&amp;__cft__[0]=AZZifjhF3i4EzHh50ixCaEnAO8EjP9MLkll0B1H4panhvtZuzv_dLChtamRGsldAAaSeOCAOhglhRM086SlVNHb9y-wfqeawJvwdHlmdWiKxfCfVfk9jGrXYBnKLmbw4LZrdIIBconPOT5Q8EL17X_WO&amp;__tn__=*NK-R\">#KonwentPrzewodnicz\u0105cych<\/a> <a href=\"https:\/\/www.facebook.com\/hashtag\/liderzy?__eep__=6&amp;__cft__[0]=AZZifjhF3i4EzHh50ixCaEnAO8EjP9MLkll0B1H4panhvtZuzv_dLChtamRGsldAAaSeOCAOhglhRM086SlVNHb9y-wfqeawJvwdHlmdWiKxfCfVfk9jGrXYBnKLmbw4LZrdIIBconPOT5Q8EL17X_WO&amp;__tn__=*NK-R\">#Liderzy<\/a> <a href=\"https:\/\/www.facebook.com\/hashtag\/wsp%C3%B3%C5%82praca?__eep__=6&amp;__cft__[0]=AZZifjhF3i4EzHh50ixCaEnAO8EjP9MLkll0B1H4panhvtZuzv_dLChtamRGsldAAaSeOCAOhglhRM086SlVNHb9y-wfqeawJvwdHlmdWiKxfCfVfk9jGrXYBnKLmbw4LZrdIIBconPOT5Q8EL17X_WO&amp;__tn__=*NK-R\">#Wsp\u00f3\u0142praca<\/a> <a href=\"https:\/\/www.facebook.com\/hashtag\/rozw%C3%B3j?__eep__=6&amp;__cft__[0]=AZZifjhF3i4EzHh50ixCaEnAO8EjP9MLkll0B1H4panhvtZuzv_dLChtamRGsldAAaSeOCAOhglhRM086SlVNHb9y-wfqeawJvwdHlmdWiKxfCfVfk9jGrXYBnKLmbw4LZrdIIBconPOT5Q8EL17X_WO&amp;__tn__=*NK-R\">#Rozw\u00f3j<\/a> <a href=\"https:\/\/www.facebook.com\/hashtag\/dzia%C5%82amy?__eep__=6&amp;__cft__[0]=AZZifjhF3i4EzHh50ixCaEnAO8EjP9MLkll0B1H4panhvtZuzv_dLChtamRGsldAAaSeOCAOhglhRM086SlVNHb9y-wfqeawJvwdHlmdWiKxfCfVfk9jGrXYBnKLmbw4LZrdIIBconPOT5Q8EL17X_WO&amp;__tn__=*NK-R\">#Dzia\u0142amy<\/a><\/mark><\/p>\n","protected":false},"excerpt":{"rendered":"<p>Konwent Przewodnicz\u0105cych \u2013 Zapraszamy marca &#8211; Bielsko-Bia\u0142a marca &#8211; O\u015bwi\u0119cim marca &#8211; \u017bywiec \/ Sucha Beskidzka marca &#8211; Cieszyn marca &#8211; Skocz\u00f3w To b\u0119d\u0105 dni konkret\u00f3w, decyzji i realnego wp\u0142ywu na przysz\u0142o\u015b\u0107 naszej Organizacji! Spotykamy si\u0119 w gronie przewodnicz\u0105cych, aby: podsumowa\u0107 dotychczasowe dzia\u0142ania, wyznaczy\u0107 nowe kierunki rozwoju, om\u00f3wi\u0107 kluczowe wyzwania i rozwi\u0105zania, wzmocni\u0107 wsp\u00f3\u0142prac\u0119 oraz [&hellip;]<\/p>\n","protected":false},"author":1990,"featured_media":46363,"comment_status":"closed","ping_status":"open","sticky":false,"template":"","format":"standard","meta":{"footnotes":""},"categories":[16],"tags":[],"class_list":["post-46362","post","type-post","status-publish","format-standard","has-post-thumbnail","hentry","category-solidarnosc"],"_links":{"self":[{"href":"https:\/\/www.solidarnosc.org.pl\/bbial\/wp-json\/wp\/v2\/posts\/46362","targetHints":{"allow":["GET"]}}],"collection":[{"href":"https:\/\/www.solidarnosc.org.pl\/bbial\/wp-json\/wp\/v2\/posts"}],"about":[{"href":"https:\/\/www.solidarnosc.org.pl\/bbial\/wp-json\/wp\/v2\/types\/post"}],"author":[{"embeddable":true,"href":"https:\/\/www.solidarnosc.org.pl\/bbial\/wp-json\/wp\/v2\/users\/1990"}],"replies":[{"embeddable":true,"href":"https:\/\/www.solidarnosc.org.pl\/bbial\/wp-json\/wp\/v2\/comments?post=46362"}],"version-history":[{"count":3,"href":"https:\/\/www.solidarnosc.org.pl\/bbial\/wp-json\/wp\/v2\/posts\/46362\/revisions"}],"predecessor-version":[{"id":46366,"href":"https:\/\/www.solidarnosc.org.pl\/bbial\/wp-json\/wp\/v2\/posts\/46362\/revisions\/46366"}],"wp:featuredmedia":[{"embeddable":true,"href":"https:\/\/www.solidarnosc.org.pl\/bbial\/wp-json\/wp\/v2\/media\/46363"}],"wp:attachment":[{"href":"https:\/\/www.solidarnosc.org.pl\/bbial\/wp-json\/wp\/v2\/media?parent=46362"}],"wp:term":[{"taxonomy":"category","embeddable":true,"href":"https:\/\/www.solidarnosc.org.pl\/bbial\/wp-json\/wp\/v2\/categories?post=46362"},{"taxonomy":"post_tag","embeddable":true,"href":"https:\/\/www.solidarnosc.org.pl\/bbial\/wp-json\/wp\/v2\/tags?post=46362"}],"curies":[{"name":"wp","href":"https:\/\/api.w.org\/{rel}","templated":true}]}}