{"id":43236,"date":"2025-02-21T17:12:35","date_gmt":"2025-02-21T15:12:35","guid":{"rendered":"https:\/\/www.solidarnosc.org.pl\/bbial\/?p=43236"},"modified":"2025-02-21T17:13:30","modified_gmt":"2025-02-21T15:13:30","slug":"placowy-pat-w-zakladach-hutchinsona","status":"publish","type":"post","link":"https:\/\/www.solidarnosc.org.pl\/bbial\/placowy-pat-w-zakladach-hutchinsona\/","title":{"rendered":"P\u0142acowe spory w zak\u0142adach Hutchinsona"},"content":{"rendered":"\n<p><\/p>\n\n\n\n<p><strong>Podpisaniem protoko\u0142\u00f3w rozbie\u017cno\u015bci zako\u0144czy\u0142y si\u0119 negocjacje p\u0142acowe we wszystkich trzech podbeskidzkich zak\u0142adach sp\u00f3\u0142ki Hutchinson Poland &#8211; w Bielsku-Bia\u0142ej i dw\u00f3ch w \u017bywcu.<\/strong><\/p>\n\n\n<div class=\"wp-block-image\">\n<figure class=\"aligncenter size-large\"><img fetchpriority=\"high\" decoding=\"async\" width=\"1024\" height=\"683\" src=\"https:\/\/www.solidarnosc.org.pl\/bbial\/wp-content\/uploads\/2025\/02\/IMG_4058-1024x683.jpg\" alt=\"\" class=\"wp-image-43234\" srcset=\"https:\/\/www.solidarnosc.org.pl\/bbial\/wp-content\/uploads\/2025\/02\/IMG_4058-1024x683.jpg 1024w, https:\/\/www.solidarnosc.org.pl\/bbial\/wp-content\/uploads\/2025\/02\/IMG_4058-400x267.jpg 400w, https:\/\/www.solidarnosc.org.pl\/bbial\/wp-content\/uploads\/2025\/02\/IMG_4058-768x512.jpg 768w, https:\/\/www.solidarnosc.org.pl\/bbial\/wp-content\/uploads\/2025\/02\/IMG_4058-1536x1024.jpg 1536w, https:\/\/www.solidarnosc.org.pl\/bbial\/wp-content\/uploads\/2025\/02\/IMG_4058-2048x1365.jpg 2048w\" sizes=\"(max-width: 1024px) 100vw, 1024px\" \/><\/figure>\n<\/div>\n\n\n<p>\u2013 Niestety, pracodawca po raz kolejny pokaza\u0142, \u017ce s\u0142owa kompromis i porozumienie s\u0105 mu obce. Identycznie by\u0142o podczas rozm\u00f3w na temat odpraw dla zwalnianych pracownik\u00f3w \u2013 dostali ja\u0142mu\u017cn\u0119. Czekamy na mediatora \u2013 m\u00f3wi Mieczys\u0142aw Bienias, szef \u201eSolidarno\u015bci\u201d w bielskim Hutchinsonie. W jego zak\u0142adzie rozmowy na temat podwy\u017cek wynagrodze\u0144 dla ca\u0142ej, licz\u0105cej obecnie 750 os\u00f3b za\u0142ogi, trwa\u0142y od listopada ubieg\u0142ego roku. Pod koniec stycznia rozmowy na ten temat przemieni\u0142y si\u0119 w sp\u00f3r zbiorowy. \u2013 Ust\u0105pili\u015bmy nieco z naszych pocz\u0105tkowych \u017c\u0105da\u0144. Teraz domagamy si\u0119 podwy\u017cek w wysoko\u015bci 2,80 z\u0142\/godz. brutto z wyr\u00f3wnaniem od pocz\u0105tku roku w postaci specjalnej premii. Dla stawek miesi\u0119cznych by\u0142aby to podwy\u017cka o 470 z\u0142otych brutto. Tymczasem pracodawca jedyne co mia\u0142 do zaproponowania to kosmetyczne zmiany i przesuni\u0119cia pieni\u0119dzy z premii i dodatk\u00f3w sta\u017cowych do stawek zasadniczych. W rzeczywisto\u015bci to nie b\u0119d\u0105 \u017cadne podwy\u017cki \u2013 od samego mieszania herbata nie staje si\u0119 s\u0142odsza \u2013 m\u00f3wi Mieczys\u0142aw Bienias. Do porozumienia, oczywi\u015bcie, nie dosz\u0142o.<\/p>\n\n\n\n<p>Bardzo podobnie oceniaj\u0105 p\u0142acowe rozmowy zwi\u0105zkowcy z obu \u017cywieckich zak\u0142ad\u00f3w sp\u00f3\u0142ki Hutchinson. \u2013 \u017b\u0105dali\u015bmy 3 z\u0142otych brutto za godzin\u0119, a wi\u0119c oko\u0142o 500 z\u0142otych miesi\u0119cznie. Niestety, z drugiej strony nie pad\u0142y \u017cadne sensowne propozycje. Nie zauwa\u017cyli\u015bmy jakiejkolwiek woli kompromisu \u2013 relacjonuje Andrzej Kubica, przewodnicz\u0105cy \u201eSolidarno\u015bci\u201d w \u017cywieckim Zak\u0142adzie nr 1 Hutchinsona. Pracuje tam 980 os\u00f3b \u2013 ich wszystkich mia\u0142y obj\u0105\u0107 negocjowane podwy\u017cki.<\/p>\n\n\n<div class=\"wp-block-image\">\n<figure class=\"aligncenter size-large\"><img decoding=\"async\" width=\"1024\" height=\"768\" src=\"https:\/\/www.solidarnosc.org.pl\/bbial\/wp-content\/uploads\/2025\/02\/20250221_121121-1024x768.jpg\" alt=\"\" class=\"wp-image-43232\" srcset=\"https:\/\/www.solidarnosc.org.pl\/bbial\/wp-content\/uploads\/2025\/02\/20250221_121121-1024x768.jpg 1024w, https:\/\/www.solidarnosc.org.pl\/bbial\/wp-content\/uploads\/2025\/02\/20250221_121121-400x300.jpg 400w, https:\/\/www.solidarnosc.org.pl\/bbial\/wp-content\/uploads\/2025\/02\/20250221_121121-768x576.jpg 768w, https:\/\/www.solidarnosc.org.pl\/bbial\/wp-content\/uploads\/2025\/02\/20250221_121121-1536x1152.jpg 1536w, https:\/\/www.solidarnosc.org.pl\/bbial\/wp-content\/uploads\/2025\/02\/20250221_121121-2048x1536.jpg 2048w\" sizes=\"(max-width: 1024px) 100vw, 1024px\" \/><\/figure>\n<\/div>\n\n\n<p>Krzysztof Gaj szefuje \u201eSolidarno\u015bci\u201d w drugim \u017cywieckim zak\u0142adzie tej sp\u00f3\u0142ki, gdzie tak\u017ce pracuje oko\u0142o tysi\u0105ca os\u00f3b. \u2013 Oczekiwali\u015bmy 3-z\u0142otowych podwy\u017cek, a pracodawca zaproponowa\u0142 50 groszy od kwietnia, drugie 50 od lipca i jeszcze przesuni\u0119cia \u015brodk\u00f3w z premii do p\u0142acy zasadniczej. Nie mogli\u015bmy si\u0119 na to zgodzi\u0107. Na stole s\u0105 jeszcze inne nasze postulaty, mi\u0119dzy innymi \u017c\u0105danie gwarancji zatrudnienia. Na pewno trzeba b\u0119dzie o tym porozmawia\u0107, jak te\u017c o uzdrowieniu sytuacji pracowniczych w zak\u0142adzie, bo jest z tym \u017ale &#8211; m\u00f3wi Krzysztof Gaj.<\/p>\n\n\n\n<p>We wszystkich trzech zak\u0142adach zosta\u0142y podpisane protoko\u0142y rozbie\u017cno\u015bci. Wkr\u00f3tce do rozm\u00f3w w\u0142\u0105czy si\u0119 mediator \u2013 mo\u017ce w\u00f3wczas uda si\u0119 doj\u015b\u0107 do porozumienia. Na razie zwi\u0105zkowcy oflagowali swe zak\u0142ady. \u2013 Teraz bardzo powa\u017cnie rozwa\u017camy kolejne formy nacisku na pracodawc\u0119, bo bez tego chyba si\u0119 nie obejdzie. Nasz statut i wcze\u015bniejsze do\u015bwiadczenia podsuwaj\u0105 nam kilka mo\u017cliwo\u015bci do wyboru \u2013 zapowiada Andrzej Kubica.<\/p>\n\n\n\n<figure class=\"wp-block-gallery has-nested-images columns-default is-cropped wp-block-gallery-1 is-layout-flex wp-block-gallery-is-layout-flex\">\n<figure class=\"wp-block-image size-large\"><img decoding=\"async\" width=\"1024\" height=\"768\" data-id=\"43230\" src=\"https:\/\/www.solidarnosc.org.pl\/bbial\/wp-content\/uploads\/2025\/02\/20250221_121047-1024x768.jpg\" alt=\"\" class=\"wp-image-43230\" srcset=\"https:\/\/www.solidarnosc.org.pl\/bbial\/wp-content\/uploads\/2025\/02\/20250221_121047-1024x768.jpg 1024w, https:\/\/www.solidarnosc.org.pl\/bbial\/wp-content\/uploads\/2025\/02\/20250221_121047-400x300.jpg 400w, https:\/\/www.solidarnosc.org.pl\/bbial\/wp-content\/uploads\/2025\/02\/20250221_121047-768x576.jpg 768w, https:\/\/www.solidarnosc.org.pl\/bbial\/wp-content\/uploads\/2025\/02\/20250221_121047-1536x1152.jpg 1536w, https:\/\/www.solidarnosc.org.pl\/bbial\/wp-content\/uploads\/2025\/02\/20250221_121047-2048x1536.jpg 2048w\" sizes=\"(max-width: 1024px) 100vw, 1024px\" \/><\/figure>\n\n\n\n<figure class=\"wp-block-image size-large\"><img loading=\"lazy\" decoding=\"async\" width=\"1024\" height=\"683\" data-id=\"43234\" src=\"https:\/\/www.solidarnosc.org.pl\/bbial\/wp-content\/uploads\/2025\/02\/IMG_4058-1024x683.jpg\" alt=\"\" class=\"wp-image-43234\" srcset=\"https:\/\/www.solidarnosc.org.pl\/bbial\/wp-content\/uploads\/2025\/02\/IMG_4058-1024x683.jpg 1024w, https:\/\/www.solidarnosc.org.pl\/bbial\/wp-content\/uploads\/2025\/02\/IMG_4058-400x267.jpg 400w, https:\/\/www.solidarnosc.org.pl\/bbial\/wp-content\/uploads\/2025\/02\/IMG_4058-768x512.jpg 768w, https:\/\/www.solidarnosc.org.pl\/bbial\/wp-content\/uploads\/2025\/02\/IMG_4058-1536x1024.jpg 1536w, https:\/\/www.solidarnosc.org.pl\/bbial\/wp-content\/uploads\/2025\/02\/IMG_4058-2048x1365.jpg 2048w\" sizes=\"(max-width: 1024px) 100vw, 1024px\" \/><\/figure>\n\n\n\n<figure class=\"wp-block-image size-large\"><img loading=\"lazy\" decoding=\"async\" width=\"1024\" height=\"768\" data-id=\"43235\" src=\"https:\/\/www.solidarnosc.org.pl\/bbial\/wp-content\/uploads\/2025\/02\/20250221_121031-1024x768.jpg\" alt=\"\" class=\"wp-image-43235\" srcset=\"https:\/\/www.solidarnosc.org.pl\/bbial\/wp-content\/uploads\/2025\/02\/20250221_121031-1024x768.jpg 1024w, https:\/\/www.solidarnosc.org.pl\/bbial\/wp-content\/uploads\/2025\/02\/20250221_121031-400x300.jpg 400w, https:\/\/www.solidarnosc.org.pl\/bbial\/wp-content\/uploads\/2025\/02\/20250221_121031-768x576.jpg 768w, https:\/\/www.solidarnosc.org.pl\/bbial\/wp-content\/uploads\/2025\/02\/20250221_121031-1536x1152.jpg 1536w, https:\/\/www.solidarnosc.org.pl\/bbial\/wp-content\/uploads\/2025\/02\/20250221_121031-2048x1536.jpg 2048w\" sizes=\"(max-width: 1024px) 100vw, 1024px\" \/><\/figure>\n\n\n\n<figure class=\"wp-block-image size-large\"><img loading=\"lazy\" decoding=\"async\" width=\"1024\" height=\"768\" data-id=\"43232\" src=\"https:\/\/www.solidarnosc.org.pl\/bbial\/wp-content\/uploads\/2025\/02\/20250221_121121-1024x768.jpg\" alt=\"\" class=\"wp-image-43232\" srcset=\"https:\/\/www.solidarnosc.org.pl\/bbial\/wp-content\/uploads\/2025\/02\/20250221_121121-1024x768.jpg 1024w, https:\/\/www.solidarnosc.org.pl\/bbial\/wp-content\/uploads\/2025\/02\/20250221_121121-400x300.jpg 400w, https:\/\/www.solidarnosc.org.pl\/bbial\/wp-content\/uploads\/2025\/02\/20250221_121121-768x576.jpg 768w, https:\/\/www.solidarnosc.org.pl\/bbial\/wp-content\/uploads\/2025\/02\/20250221_121121-1536x1152.jpg 1536w, https:\/\/www.solidarnosc.org.pl\/bbial\/wp-content\/uploads\/2025\/02\/20250221_121121-2048x1536.jpg 2048w\" sizes=\"(max-width: 1024px) 100vw, 1024px\" \/><\/figure>\n\n\n\n<figure class=\"wp-block-image size-large\"><img loading=\"lazy\" decoding=\"async\" width=\"1024\" height=\"768\" data-id=\"43231\" src=\"https:\/\/www.solidarnosc.org.pl\/bbial\/wp-content\/uploads\/2025\/02\/20250221_121115-1024x768.jpg\" alt=\"\" class=\"wp-image-43231\" srcset=\"https:\/\/www.solidarnosc.org.pl\/bbial\/wp-content\/uploads\/2025\/02\/20250221_121115-1024x768.jpg 1024w, https:\/\/www.solidarnosc.org.pl\/bbial\/wp-content\/uploads\/2025\/02\/20250221_121115-400x300.jpg 400w, https:\/\/www.solidarnosc.org.pl\/bbial\/wp-content\/uploads\/2025\/02\/20250221_121115-768x576.jpg 768w, https:\/\/www.solidarnosc.org.pl\/bbial\/wp-content\/uploads\/2025\/02\/20250221_121115-1536x1152.jpg 1536w, https:\/\/www.solidarnosc.org.pl\/bbial\/wp-content\/uploads\/2025\/02\/20250221_121115-2048x1536.jpg 2048w\" sizes=\"(max-width: 1024px) 100vw, 1024px\" \/><\/figure>\n\n\n\n<figure class=\"wp-block-image size-large\"><img loading=\"lazy\" decoding=\"async\" width=\"1024\" height=\"876\" data-id=\"43233\" src=\"https:\/\/www.solidarnosc.org.pl\/bbial\/wp-content\/uploads\/2025\/02\/IMG_4052-1-1024x876.jpg\" alt=\"\" class=\"wp-image-43233\" srcset=\"https:\/\/www.solidarnosc.org.pl\/bbial\/wp-content\/uploads\/2025\/02\/IMG_4052-1-1024x876.jpg 1024w, https:\/\/www.solidarnosc.org.pl\/bbial\/wp-content\/uploads\/2025\/02\/IMG_4052-1-400x342.jpg 400w, https:\/\/www.solidarnosc.org.pl\/bbial\/wp-content\/uploads\/2025\/02\/IMG_4052-1-768x657.jpg 768w, https:\/\/www.solidarnosc.org.pl\/bbial\/wp-content\/uploads\/2025\/02\/IMG_4052-1-1536x1314.jpg 1536w, https:\/\/www.solidarnosc.org.pl\/bbial\/wp-content\/uploads\/2025\/02\/IMG_4052-1-2048x1751.jpg 2048w\" sizes=\"(max-width: 1024px) 100vw, 1024px\" \/><\/figure>\n<\/figure>\n","protected":false},"excerpt":{"rendered":"<p>Podpisaniem protoko\u0142\u00f3w rozbie\u017cno\u015bci zako\u0144czy\u0142y si\u0119 negocjacje p\u0142acowe we wszystkich trzech podbeskidzkich zak\u0142adach sp\u00f3\u0142ki Hutchinson Poland &#8211; w Bielsku-Bia\u0142ej i dw\u00f3ch w \u017bywcu. \u2013 Niestety, pracodawca po raz kolejny pokaza\u0142, \u017ce s\u0142owa kompromis i porozumienie s\u0105 mu obce. Identycznie by\u0142o podczas rozm\u00f3w na temat odpraw dla zwalnianych pracownik\u00f3w \u2013 dostali ja\u0142mu\u017cn\u0119. Czekamy na mediatora \u2013 m\u00f3wi [&hellip;]<\/p>\n","protected":false},"author":1991,"featured_media":43230,"comment_status":"closed","ping_status":"open","sticky":false,"template":"","format":"standard","meta":{"footnotes":""},"categories":[16],"tags":[42,140,447],"class_list":["post-43236","post","type-post","status-publish","format-standard","has-post-thumbnail","hentry","category-solidarnosc","tag-negocjacje","tag-place","tag-rozbieznosci"],"_links":{"self":[{"href":"https:\/\/www.solidarnosc.org.pl\/bbial\/wp-json\/wp\/v2\/posts\/43236","targetHints":{"allow":["GET"]}}],"collection":[{"href":"https:\/\/www.solidarnosc.org.pl\/bbial\/wp-json\/wp\/v2\/posts"}],"about":[{"href":"https:\/\/www.solidarnosc.org.pl\/bbial\/wp-json\/wp\/v2\/types\/post"}],"author":[{"embeddable":true,"href":"https:\/\/www.solidarnosc.org.pl\/bbial\/wp-json\/wp\/v2\/users\/1991"}],"replies":[{"embeddable":true,"href":"https:\/\/www.solidarnosc.org.pl\/bbial\/wp-json\/wp\/v2\/comments?post=43236"}],"version-history":[{"count":2,"href":"https:\/\/www.solidarnosc.org.pl\/bbial\/wp-json\/wp\/v2\/posts\/43236\/revisions"}],"predecessor-version":[{"id":43238,"href":"https:\/\/www.solidarnosc.org.pl\/bbial\/wp-json\/wp\/v2\/posts\/43236\/revisions\/43238"}],"wp:featuredmedia":[{"embeddable":true,"href":"https:\/\/www.solidarnosc.org.pl\/bbial\/wp-json\/wp\/v2\/media\/43230"}],"wp:attachment":[{"href":"https:\/\/www.solidarnosc.org.pl\/bbial\/wp-json\/wp\/v2\/media?parent=43236"}],"wp:term":[{"taxonomy":"category","embeddable":true,"href":"https:\/\/www.solidarnosc.org.pl\/bbial\/wp-json\/wp\/v2\/categories?post=43236"},{"taxonomy":"post_tag","embeddable":true,"href":"https:\/\/www.solidarnosc.org.pl\/bbial\/wp-json\/wp\/v2\/tags?post=43236"}],"curies":[{"name":"wp","href":"https:\/\/api.w.org\/{rel}","templated":true}]}}