{"id":42357,"date":"2025-01-08T13:16:40","date_gmt":"2025-01-08T11:16:40","guid":{"rendered":"https:\/\/www.solidarnosc.org.pl\/bbial\/?p=42357"},"modified":"2025-01-08T13:23:11","modified_gmt":"2025-01-08T11:23:11","slug":"historyczna-gra-dla-licealistow-tropami-solidarnosci-2024r","status":"publish","type":"post","link":"https:\/\/www.solidarnosc.org.pl\/bbial\/historyczna-gra-dla-licealistow-tropami-solidarnosci-2024r\/","title":{"rendered":"Historyczna gra dla licealist\u00f3w &#8211; Tropami Solidarno\u015bci 2024r. #Wideorelacja"},"content":{"rendered":"\n<p>\ud83d\udde3 Od pierwszej edycji nasza #gra jest form\u0105 upami\u0119tnienia tragicznej #rocznicy wprowadzenia stanu wojennego i oddania #ho\u0142du tym wszystkim, kt\u00f3rzy w tamtym czasie #oddali swe \u017cycie za Solidarno\u015b\u0107 i woln\u0105 Polsk\u0119\ud83c\uddf5\ud83c\uddf1, kt\u00f3rzy byli bici, represjonowani, wi\u0119zieni.<\/p>\n\n\n\n<p>\ud83d\udde3 To tak\u017ce #upami\u0119tnienie podziemnej dzia\u0142alno\u015bci, kt\u00f3r\u0105 #podj\u0119li ojcowie czy dziadkowie uczestnik\u00f3w dzisiejszej gry \u2013 t\u0142umaczy #BogdanSzozda, prezes bielskiego Stowarzyszenia \u201ePodbeskidzie Wsp\u00f3lna Pami\u0119\u0107\u201d, kt\u00f3re jest g\u0142\u00f3wnym #organizatorem gry \u2013 we wsp\u00f3\u0142pracy z #harcerzami ze Zwi\u0105zku Harcerstwa Rzeczypospolitej oraz #podbeskidzk\u0105 \u201eSolidarno\u015bci\u0105\u201d i bielskim #biurem Instytutu Pami\u0119ci Narodowej. \ud83c\uddf5\ud83c\uddf1\u270c\ufe0f<\/p>\n\n\n\n<p>\ud83d\udccc W trakcie #historycznej gry terenowej w Bielsku-Bia\u0142ej zespo\u0142y stan\u0119\u0142y przed r\u00f3\u017cnorodnymi #wyzwaniami, symbolizuj\u0105cymi trudno\u015bci i dzia\u0142ania #opozycji w okresie komunistycznego re\u017cimu. Zadania by\u0142y #zr\u00f3\u017cnicowane, a kolejno\u015b\u0107 ich wykonywania by\u0142a dowolna, co wprowadza\u0142o element #strategii.\ufe0f\u2705\ufe0f<\/p>\n\n\n\n<p>\ud83d\udc49 Wi\u0119cej\ud83d\udc47\ud83d\udc47\ud83d\udc47<br>\ud83d\udd0e <a href=\"https:\/\/www.facebook.com\/TropamiSolidarnosci\"><mark style=\"background-color:rgba(0, 0, 0, 0)\" class=\"has-inline-color has-vivid-cyan-blue-color\">https:\/\/www.facebook.com\/TropamiSolidarnosci<\/mark><\/a><br>\ud83d\udd0e<mark style=\"background-color:rgba(0, 0, 0, 0)\" class=\"has-inline-color has-vivid-cyan-blue-color\"> <a href=\"https:\/\/www.solidarnosc.org.pl\/bbial\/gra-tropami-solidarnosci-w-obiektywie-ipn\/\">https:\/\/www.solidarnosc.org.pl\/\u2026\/historyczna-gra-dla\u2026\/<\/a><\/mark><\/p>\n\n\n\n<p>\ud83d\udcf8 Fot.: IPN K. \u0141ojko<\/p>\n\n\n\n<figure class=\"wp-block-embed is-type-video is-provider-youtube wp-block-embed-youtube wp-embed-aspect-16-9 wp-has-aspect-ratio\"><div class=\"wp-block-embed__wrapper\">\n<div class=\"epyt-video-wrapper\"><iframe  id=\"_ytid_22822\"  width=\"800\" height=\"450\"  data-origwidth=\"800\" data-origheight=\"450\" src=\"https:\/\/www.youtube.com\/embed\/BcsJmNulQxE?enablejsapi=1&#038;autoplay=0&#038;cc_load_policy=0&#038;cc_lang_pref=&#038;iv_load_policy=1&#038;loop=0&#038;rel=0&#038;fs=1&#038;playsinline=0&#038;autohide=2&#038;theme=dark&#038;color=red&#038;controls=1&#038;disablekb=0&#038;\" class=\"__youtube_prefs__  epyt-is-override  no-lazyload\" title=\"YouTube player\"  allow=\"fullscreen; accelerometer; autoplay; clipboard-write; encrypted-media; gyroscope; picture-in-picture; web-share\" referrerpolicy=\"strict-origin-when-cross-origin\" allowfullscreen data-no-lazy=\"1\" data-skipgform_ajax_framebjll=\"\"><\/iframe><\/div>\n<\/div><\/figure>\n","protected":false},"excerpt":{"rendered":"<p>\ud83d\udde3 Od pierwszej edycji nasza #gra jest form\u0105 upami\u0119tnienia tragicznej #rocznicy wprowadzenia stanu wojennego i oddania #ho\u0142du tym wszystkim, kt\u00f3rzy w tamtym czasie #oddali swe \u017cycie za Solidarno\u015b\u0107 i woln\u0105 Polsk\u0119\ud83c\uddf5\ud83c\uddf1, kt\u00f3rzy byli bici, represjonowani, wi\u0119zieni. \ud83d\udde3 To tak\u017ce #upami\u0119tnienie podziemnej dzia\u0142alno\u015bci, kt\u00f3r\u0105 #podj\u0119li ojcowie czy dziadkowie uczestnik\u00f3w dzisiejszej gry \u2013 t\u0142umaczy #BogdanSzozda, prezes bielskiego [&hellip;]<\/p>\n","protected":false},"author":1990,"featured_media":41718,"comment_status":"closed","ping_status":"open","sticky":false,"template":"","format":"standard","meta":{"footnotes":""},"categories":[16],"tags":[216,432,213],"class_list":["post-42357","post","type-post","status-publish","format-standard","has-post-thumbnail","hentry","category-solidarnosc","tag-gra-miejska","tag-historyczna-gra","tag-tropami-solidarnosci"],"_links":{"self":[{"href":"https:\/\/www.solidarnosc.org.pl\/bbial\/wp-json\/wp\/v2\/posts\/42357","targetHints":{"allow":["GET"]}}],"collection":[{"href":"https:\/\/www.solidarnosc.org.pl\/bbial\/wp-json\/wp\/v2\/posts"}],"about":[{"href":"https:\/\/www.solidarnosc.org.pl\/bbial\/wp-json\/wp\/v2\/types\/post"}],"author":[{"embeddable":true,"href":"https:\/\/www.solidarnosc.org.pl\/bbial\/wp-json\/wp\/v2\/users\/1990"}],"replies":[{"embeddable":true,"href":"https:\/\/www.solidarnosc.org.pl\/bbial\/wp-json\/wp\/v2\/comments?post=42357"}],"version-history":[{"count":5,"href":"https:\/\/www.solidarnosc.org.pl\/bbial\/wp-json\/wp\/v2\/posts\/42357\/revisions"}],"predecessor-version":[{"id":42362,"href":"https:\/\/www.solidarnosc.org.pl\/bbial\/wp-json\/wp\/v2\/posts\/42357\/revisions\/42362"}],"wp:featuredmedia":[{"embeddable":true,"href":"https:\/\/www.solidarnosc.org.pl\/bbial\/wp-json\/wp\/v2\/media\/41718"}],"wp:attachment":[{"href":"https:\/\/www.solidarnosc.org.pl\/bbial\/wp-json\/wp\/v2\/media?parent=42357"}],"wp:term":[{"taxonomy":"category","embeddable":true,"href":"https:\/\/www.solidarnosc.org.pl\/bbial\/wp-json\/wp\/v2\/categories?post=42357"},{"taxonomy":"post_tag","embeddable":true,"href":"https:\/\/www.solidarnosc.org.pl\/bbial\/wp-json\/wp\/v2\/tags?post=42357"}],"curies":[{"name":"wp","href":"https:\/\/api.w.org\/{rel}","templated":true}]}}