{"id":42324,"date":"2024-12-21T13:23:31","date_gmt":"2024-12-21T11:23:31","guid":{"rendered":"https:\/\/www.solidarnosc.org.pl\/bbial\/?p=42324"},"modified":"2024-12-21T13:28:37","modified_gmt":"2024-12-21T11:28:37","slug":"boze-narodzenie-2024","status":"publish","type":"post","link":"https:\/\/www.solidarnosc.org.pl\/bbial\/boze-narodzenie-2024\/","title":{"rendered":"BO\u017bE NARODZENIE 2024"},"content":{"rendered":"\n<p><strong>Ko\u0144czy si\u0119 kolejny Adwent w naszym \u017cyciu. Dope\u0142nia si\u0119 czekanie na przyj\u015bcie Tego, kt\u00f3rego przepowiadali wszyscy prorocy, Dziewica Matka oczekiwa\u0142a z wielk\u0105 mi\u0142o\u015bci\u0105, a Jan Chrzciciel zwiastowa\u0142 Jego przyj\u015bcie i og\u0142osi\u0142 Jego obecno\u015b\u0107 w\u015br\u00f3d ludu.<\/strong><\/p>\n\n\n\n<p>Korzystaj\u0105c z r\u00f3\u017cnych form prze\u017cycia tego radosnego okresu liturgicznego wchodzimy w pe\u0142en \u015bwiat\u0142a czas Bo\u017cego Narodzenia. Dzieci\u0119 si\u0119 nam narodzi\u0142o, Syn zosta\u0142 nam dany.&nbsp; On sam o sobie powie: \u201eJa Jestem \u015bwiat\u0142o\u015bci\u0105 \u015bwiata, kto idzie za Mn\u0105, b\u0119dzie mia\u0142 \u015bwiat\u0142o \u017cycia\u201d. W Prologu Ewangelii wg \u015bw. Jana znajdziemy zapewnienie, \u017ce ci kt\u00f3rzy Go przyjmuj\u0105 staj\u0105 si\u0119 dzie\u0107mi Bo\u017cymi (por. J 1,13).<\/p>\n\n\n\n<p>Rok Jubileuszowy, kt\u00f3ry papie\u017c Franciszek otworzy 24 grudnia (a w naszej diecezji stanie si\u0119 to 29 grudnia), b\u0119dzie ni\u00f3s\u0142 wiele okazji i propozycji, aby to Bo\u017ce dzieci\u0119ctwo w sobie umocni\u0107 i rozwin\u0105\u0107.<\/p>\n\n\n\n<p>\u017bycz\u0119, aby ka\u017cdy odczu\u0142 w swoim sercu, \u017ce jest przez Boga umi\u0142owany. Niech wasze rodziny \u017cyj\u0105 w mi\u0142o\u015bci i rado\u015bci, piel\u0119gnuj\u0105c dar wiary i wierno\u015b\u0107 Ewangelii. Niech na niej buduj\u0105 swoj\u0105 przysz\u0142o\u015b\u0107. \u017bycz\u0119 wszystkim dobrego zdrowia, bezpiecznej pracy, nale\u017cnego wynagrodzenia i szacunku.<\/p>\n\n\n\n<p>\u015awi\u0119ta Maryjo, Matko Bo\u017ca,<br>Ty wyda\u0142a\u015b na \u015bwiat prawdziwe \u015bwiat\u0142o,<br>Jezusa, Twojego Syna \u2013 Bo\u017cego Syna.<br>Na wezwanie Boga odda\u0142a\u015b si\u0119 ca\u0142a<br>i tak sta\u0142a\u015b si\u0119 \u017ar\u00f3d\u0142em dobroci,<br>kt\u00f3re z Niego wytryska.<br>Poka\u017c nam Jezusa. Prowad\u017a nas ku Niemu.<br>Naucz nas, jak Go poznawa\u0107 i kocha\u0107,<br>aby\u015bmy my r\u00f3wnie\u017c mogli sta\u0107 si\u0119<br>zdolni do prawdziwej mi\u0142o\u015bci<br>i by\u0107 \u017ar\u00f3d\u0142ami wody \u017cywej<br>w spragnionym \u015bwiecie.<\/p>\n\n\n\n<p>Ojciec \u015aw. Benedykt XVI<\/p>\n\n\n\n<p>Niech wszystkie dni nadchodz\u0105cego 2025 roku opromienia Bo\u017ce b\u0142ogos\u0142awie\u0144stwo i opieka Matki Naj\u015bwi\u0119tszej.<\/p>\n\n\n\n<p class=\"has-text-align-right\"><strong>ks. pra\u0142at J\u00f3zef Oleszko<\/strong><\/p>\n\n\n\n<p class=\"has-text-align-right\"><strong>Diecezjalny Duszpasterz Ludzi Pracy<\/strong><\/p>\n\n\n\n<p><\/p>\n","protected":false},"excerpt":{"rendered":"<p>Ko\u0144czy si\u0119 kolejny Adwent w naszym \u017cyciu. Dope\u0142nia si\u0119 czekanie na przyj\u015bcie Tego, kt\u00f3rego przepowiadali wszyscy prorocy, Dziewica Matka oczekiwa\u0142a z wielk\u0105 mi\u0142o\u015bci\u0105, a Jan Chrzciciel zwiastowa\u0142 Jego przyj\u015bcie i og\u0142osi\u0142 Jego obecno\u015b\u0107 w\u015br\u00f3d ludu. Korzystaj\u0105c z r\u00f3\u017cnych form prze\u017cycia tego radosnego okresu liturgicznego wchodzimy w pe\u0142en \u015bwiat\u0142a czas Bo\u017cego Narodzenia. Dzieci\u0119 si\u0119 nam narodzi\u0142o, [&hellip;]<\/p>\n","protected":false},"author":1991,"featured_media":42312,"comment_status":"closed","ping_status":"open","sticky":false,"template":"","format":"standard","meta":{"footnotes":""},"categories":[16],"tags":[426,427,297],"class_list":["post-42324","post","type-post","status-publish","format-standard","has-post-thumbnail","hentry","category-solidarnosc","tag-boze-narodzenie","tag-duszpasterz","tag-zyczenia"],"_links":{"self":[{"href":"https:\/\/www.solidarnosc.org.pl\/bbial\/wp-json\/wp\/v2\/posts\/42324","targetHints":{"allow":["GET"]}}],"collection":[{"href":"https:\/\/www.solidarnosc.org.pl\/bbial\/wp-json\/wp\/v2\/posts"}],"about":[{"href":"https:\/\/www.solidarnosc.org.pl\/bbial\/wp-json\/wp\/v2\/types\/post"}],"author":[{"embeddable":true,"href":"https:\/\/www.solidarnosc.org.pl\/bbial\/wp-json\/wp\/v2\/users\/1991"}],"replies":[{"embeddable":true,"href":"https:\/\/www.solidarnosc.org.pl\/bbial\/wp-json\/wp\/v2\/comments?post=42324"}],"version-history":[{"count":4,"href":"https:\/\/www.solidarnosc.org.pl\/bbial\/wp-json\/wp\/v2\/posts\/42324\/revisions"}],"predecessor-version":[{"id":42328,"href":"https:\/\/www.solidarnosc.org.pl\/bbial\/wp-json\/wp\/v2\/posts\/42324\/revisions\/42328"}],"wp:featuredmedia":[{"embeddable":true,"href":"https:\/\/www.solidarnosc.org.pl\/bbial\/wp-json\/wp\/v2\/media\/42312"}],"wp:attachment":[{"href":"https:\/\/www.solidarnosc.org.pl\/bbial\/wp-json\/wp\/v2\/media?parent=42324"}],"wp:term":[{"taxonomy":"category","embeddable":true,"href":"https:\/\/www.solidarnosc.org.pl\/bbial\/wp-json\/wp\/v2\/categories?post=42324"},{"taxonomy":"post_tag","embeddable":true,"href":"https:\/\/www.solidarnosc.org.pl\/bbial\/wp-json\/wp\/v2\/tags?post=42324"}],"curies":[{"name":"wp","href":"https:\/\/api.w.org\/{rel}","templated":true}]}}