{"id":40925,"date":"2024-08-07T11:18:04","date_gmt":"2024-08-07T09:18:04","guid":{"rendered":"https:\/\/www.solidarnosc.org.pl\/bbial\/konkurs-solidarnosc-w-oczach-mlodziezy-podsumowany\/"},"modified":"2024-12-20T16:02:48","modified_gmt":"2024-12-20T14:02:48","slug":"konkurs-solidarnosc-w-oczach-mlodziezy-podsumowany","status":"publish","type":"post","link":"https:\/\/www.solidarnosc.org.pl\/bbial\/konkurs-solidarnosc-w-oczach-mlodziezy-podsumowany\/","title":{"rendered":"Konkurs &#8222;Solidarno\u015b\u0107 w oczach m\u0142odzie\u017cy&#8221; podsumowany"},"content":{"rendered":"<p>We wtorek 6 sierpnia 2024 r. w siedzibie podbeskidzkiej \u201eSolidarno\u015bci\u201d w Bielsku-Bia\u0142ej odby\u0142o si\u0119 podsumowanie trzeciej edycji konkursu plastycznego \u201eSolidarno\u015b\u0107 w oczach m\u0142odzie\u017cy\u201d. <!--more--><\/p>\n<p>Konkurs zorganizowany zosta\u0142 przez Zarz\u0105d Regionu Podbeskidzie NSZZ \u201eSolidarno\u015b\u0107\u201d oraz Sekcj\u0119 Regionaln\u0105 O\u015bwiaty i Wychowania NSZZ \u201eSolidarno\u015b\u0107\u201d Regionu Podbeskidzie, a honorowy patronat nad t\u0105 inicjatyw\u0105 obj\u0105\u0142 dyrektor katowickiego oddzia\u0142u Instytutu Pami\u0119ci Narodowej . Uczestnikami konkursu byli uczniowie szk\u00f3\u0142 \u015brednich Bielska-Bia\u0142ej oraz powiat\u00f3w bielskiego, \u017cywieckiego, cieszy\u0144skiego i\u00a0 o\u015bwi\u0119cimskiego.<\/p>\n<figure id=\"attachment_36527\" aria-describedby=\"caption-attachment-36527\" style=\"width: 300px\" class=\"wp-caption alignleft\"><img fetchpriority=\"high\" decoding=\"async\" class=\"wp-image-36527 size-medium\" src=\"https:\/\/www.solidarnosc.org.pl\/bbial\/wp-content\/uploads\/2024\/12\/IMG_2374-scaled.jpg\" alt=\"Zwyci\u0119zcy tegorocznego konkursu ze swoimi pracami \u2013 na zdj\u0119ciu od lewej: Nina P\u0119pek (miejsce 2), Katarzyna Hetna\u0142 (miejsce 1), B\u0142a\u017cej Niedziela (miejsce 3) oraz Oliwia Jakubiec (nagroda internaut\u00f3w). \" width=\"300\" height=\"200\" \/><figcaption id=\"caption-attachment-36527\" class=\"wp-caption-text\">Zwyci\u0119zcy tegorocznego konkursu ze swoimi pracami \u2013 na zdj\u0119ciu od lewej: Nina P\u0119pek (miejsce 2), Katarzyna Hetna\u0142 (miejsce 1), B\u0142a\u017cej Niedziela (miejsce 3) oraz Oliwia Jakubiec (nagroda internaut\u00f3w).<\/figcaption><\/figure>\n<p>Tegoroczny konkurs, kt\u00f3remu towarzyszy\u0142o motto \u201e<strong><em>Solidarno\u015b\u0107 to jedno\u015b\u0107 serc, umys\u0142\u00f3w i r\u0105k zakorzenionych w idea\u0142ach, kt\u00f3re s\u0105 zdolne przemienia\u0107 \u015bwiat<\/em><\/strong>\u201d, tematycznie nawi\u0105zywa\u0142 do 40. rocznicy \u015bmierci b\u0142. ks. Jerzego Popie\u0142uszki, 44. rocznicy powstania Niezale\u017cnego Samorz\u0105dnego Zwi\u0105zku Zawodowego \u201eSolidarno\u015b\u0107\u201d oraz 45. rocznicy pierwszej wizyty Ojca \u015awi\u0119tego Jana Paw\u0142a II w Polsce.<\/p>\n<p><strong>Zwyci\u0119zcy tegorocznego konkursu to:<\/strong><\/p>\n<p>Miejsce I &#8211; KATARZYNA HETNA\u0141 &#8211; Pa\u0144stwowe Liceum Sztuk Plastycznych im. J. Fa\u0142ata w Bielsku-Bia\u0142ej;<\/p>\n<p>Miejsce II &#8211; NINA P\u0118PEK &#8211; V Liceum Og\u00f3lnokszta\u0142c\u0105ce w Bielsku-Bia\u0142ej;<\/p>\n<p>Miejsce III &#8211; B\u0141A\u017bEJ NIEDZIELA &#8211; Zesp\u00f3\u0142 Szk\u00f3\u0142 Technicznych i Handlowych im. Franciszka K\u0119pki w Bielsku-Bia\u0142ej;<\/p>\n<p>Nagroda internaut\u00f3w &#8211; OLIWIA JAKUBIEC &#8211; Zesp\u00f3\u0142 Szk\u00f3\u0142 Technicznych i Handlowych im. Franciszka K\u0119pki w Bielsku-Bia\u0142ej.<\/p>\n<p>W uroczystym podsumowaniu konkursu i wr\u0119czenia nagr\u00f3d dla zwyci\u0119zc\u00f3w wzi\u0119li udzia\u0142 m.in. wiceprzewodnicz\u0105cy Zarz\u0105du Regionu Podbeskidzie Andrzej Ko\u0142odziejski, szefowa Regionalnej Sekcji O\u015bwiaty i Wychowania Justyna Kurasiewicz i jej zast\u0119pca B\u0142a\u017cej Dobrogoszcz, uczestnicz\u0105ca w komisji konkursowej plastyk Aleksandra Dobrogoszcz oraz przewodnicz\u0105cy Komisji Zak\u0142adowej \u201eS\u201d przy Zarz\u0105dzie Regionu Micha\u0142 Przyby\u0142, kt\u00f3ry by\u0142 pomys\u0142odawc\u0105 i g\u0142\u00f3wnym organizatorem tego konkursu. W uroczysto\u015bci wzi\u0105\u0142 udzia\u0142 tak\u017ce patron konkursu &#8211; dyrektor katowickiego Oddzia\u0142u IPN dr Andrzej Sznajder, a tak\u017ce radna Karolina Lewkowicz, kt\u00f3ra ufundowa\u0142a cz\u0119\u015b\u0107 nagr\u00f3d.<\/p>\n<p>&#8211; Ten konkurs jest jednym z wielu naszych dzia\u0142a\u0144, dzi\u0119ki kt\u00f3rym chcemy zainteresowa\u0107 m\u0142ode pokolenie najnowsz\u0105 nasz\u0105 histori\u0105, w tym szczeg\u00f3lnie histori\u0105 &#8222;Solidarno\u015bci&#8221;. Chcemy by &#8222;Solidarno\u015b\u0107&#8221; i zwi\u0105zane z ni\u0105 idea\u0142y by\u0142y \u017cywe w\u015br\u00f3d m\u0142odzie\u017cy.\u00a0 Dlatego anga\u017cujemy si\u0119 w doroczn\u0105 gr\u0119 miejsk\u0105 &#8222;Tropami Solidarno\u015bci&#8221; oraz w organizacj\u0119 kolejnych edycji podbeskidzkiego konkursu historycznego &#8222;Solidarni&#8221;. W te dzia\u0142ania wpisuje si\u0119 tak\u017ce ten konkurs plastyczny. Gratuluj\u0119 zwyci\u0119zcom i wszystkim uczestnikom oraz ich opiekunom. Dzi\u0119kuj\u0119, \u017ce chcia\u0142o si\u0119 Wam podj\u0105\u0107 trud uczestnictwa w tym przedsi\u0119wzi\u0119ciu\u00a0 &#8211; powiedzia\u0142 po wr\u0119czeniu nagr\u00f3d wiceprzewodnicz\u0105cy ZR Andrzej Ko\u0142odziejski.<\/p>\n<div id='gallery-1' class='gallery galleryid-40925 gallery-columns-3 gallery-size-thumbnail'><figure class='gallery-item'>\n\t\t\t<div class='gallery-icon landscape'>\n\t\t\t\t<a href='https:\/\/www.solidarnosc.org.pl\/bbial\/wp-content\/uploads\/2024\/12\/IMG_2334-scaled-1.jpg'><img decoding=\"async\" width=\"150\" height=\"150\" src=\"https:\/\/www.solidarnosc.org.pl\/bbial\/wp-content\/uploads\/2024\/12\/IMG_2334-scaled-1-150x150.jpg\" class=\"attachment-thumbnail size-thumbnail\" alt=\"\" \/><\/a>\n\t\t\t<\/div><\/figure><figure class='gallery-item'>\n\t\t\t<div class='gallery-icon landscape'>\n\t\t\t\t<a href='https:\/\/www.solidarnosc.org.pl\/bbial\/wp-content\/uploads\/2024\/12\/IMG_2382-scaled-1.jpg'><img decoding=\"async\" width=\"150\" height=\"150\" src=\"https:\/\/www.solidarnosc.org.pl\/bbial\/wp-content\/uploads\/2024\/12\/IMG_2382-scaled-1-150x150.jpg\" class=\"attachment-thumbnail size-thumbnail\" alt=\"\" \/><\/a>\n\t\t\t<\/div><\/figure><figure class='gallery-item'>\n\t\t\t<div class='gallery-icon landscape'>\n\t\t\t\t<a href='https:\/\/www.solidarnosc.org.pl\/bbial\/wp-content\/uploads\/2024\/12\/IMG_2343-scaled-1.jpg'><img loading=\"lazy\" decoding=\"async\" width=\"150\" height=\"150\" src=\"https:\/\/www.solidarnosc.org.pl\/bbial\/wp-content\/uploads\/2024\/12\/IMG_2343-scaled-1-150x150.jpg\" class=\"attachment-thumbnail size-thumbnail\" alt=\"\" \/><\/a>\n\t\t\t<\/div><\/figure><figure class='gallery-item'>\n\t\t\t<div class='gallery-icon landscape'>\n\t\t\t\t<a href='https:\/\/www.solidarnosc.org.pl\/bbial\/wp-content\/uploads\/2024\/12\/IMG_2282-scaled-1.jpg'><img loading=\"lazy\" decoding=\"async\" width=\"150\" height=\"150\" src=\"https:\/\/www.solidarnosc.org.pl\/bbial\/wp-content\/uploads\/2024\/12\/IMG_2282-scaled-1-150x150.jpg\" class=\"attachment-thumbnail size-thumbnail\" alt=\"\" \/><\/a>\n\t\t\t<\/div><\/figure><figure class='gallery-item'>\n\t\t\t<div class='gallery-icon landscape'>\n\t\t\t\t<a href='https:\/\/www.solidarnosc.org.pl\/bbial\/wp-content\/uploads\/2024\/12\/IMG_2349-scaled-1.jpg'><img loading=\"lazy\" decoding=\"async\" width=\"150\" height=\"150\" src=\"https:\/\/www.solidarnosc.org.pl\/bbial\/wp-content\/uploads\/2024\/12\/IMG_2349-scaled-1-150x150.jpg\" class=\"attachment-thumbnail size-thumbnail\" alt=\"\" \/><\/a>\n\t\t\t<\/div><\/figure><figure class='gallery-item'>\n\t\t\t<div class='gallery-icon portrait'>\n\t\t\t\t<a href='https:\/\/www.solidarnosc.org.pl\/bbial\/wp-content\/uploads\/2024\/12\/IMG_2285-scaled-1.jpg'><img loading=\"lazy\" decoding=\"async\" width=\"150\" height=\"150\" src=\"https:\/\/www.solidarnosc.org.pl\/bbial\/wp-content\/uploads\/2024\/12\/IMG_2285-scaled-1-150x150.jpg\" class=\"attachment-thumbnail size-thumbnail\" alt=\"\" \/><\/a>\n\t\t\t<\/div><\/figure><figure class='gallery-item'>\n\t\t\t<div class='gallery-icon landscape'>\n\t\t\t\t<a href='https:\/\/www.solidarnosc.org.pl\/bbial\/wp-content\/uploads\/2024\/12\/IMG_2355-scaled-1.jpg'><img loading=\"lazy\" decoding=\"async\" width=\"150\" height=\"150\" src=\"https:\/\/www.solidarnosc.org.pl\/bbial\/wp-content\/uploads\/2024\/12\/IMG_2355-scaled-1-150x150.jpg\" class=\"attachment-thumbnail size-thumbnail\" alt=\"\" \/><\/a>\n\t\t\t<\/div><\/figure><figure class='gallery-item'>\n\t\t\t<div class='gallery-icon landscape'>\n\t\t\t\t<a href='https:\/\/www.solidarnosc.org.pl\/bbial\/wp-content\/uploads\/2024\/12\/IMG_2289-scaled-1.jpg'><img loading=\"lazy\" decoding=\"async\" width=\"150\" height=\"150\" src=\"https:\/\/www.solidarnosc.org.pl\/bbial\/wp-content\/uploads\/2024\/12\/IMG_2289-scaled-1-150x150.jpg\" class=\"attachment-thumbnail size-thumbnail\" alt=\"\" \/><\/a>\n\t\t\t<\/div><\/figure><figure class='gallery-item'>\n\t\t\t<div class='gallery-icon landscape'>\n\t\t\t\t<a href='https:\/\/www.solidarnosc.org.pl\/bbial\/wp-content\/uploads\/2024\/12\/IMG_2364-scaled-1.jpg'><img loading=\"lazy\" decoding=\"async\" width=\"150\" height=\"150\" src=\"https:\/\/www.solidarnosc.org.pl\/bbial\/wp-content\/uploads\/2024\/12\/IMG_2364-scaled-1-150x150.jpg\" class=\"attachment-thumbnail size-thumbnail\" alt=\"\" \/><\/a>\n\t\t\t<\/div><\/figure><figure class='gallery-item'>\n\t\t\t<div class='gallery-icon landscape'>\n\t\t\t\t<a href='https:\/\/www.solidarnosc.org.pl\/bbial\/wp-content\/uploads\/2024\/12\/IMG_2368-scaled-1.jpg'><img loading=\"lazy\" decoding=\"async\" width=\"150\" height=\"150\" src=\"https:\/\/www.solidarnosc.org.pl\/bbial\/wp-content\/uploads\/2024\/12\/IMG_2368-scaled-1-150x150.jpg\" class=\"attachment-thumbnail size-thumbnail\" alt=\"\" \/><\/a>\n\t\t\t<\/div><\/figure><figure class='gallery-item'>\n\t\t\t<div class='gallery-icon landscape'>\n\t\t\t\t<a href='https:\/\/www.solidarnosc.org.pl\/bbial\/wp-content\/uploads\/2024\/12\/IMG_2374-scaled-1.jpg'><img loading=\"lazy\" decoding=\"async\" width=\"150\" height=\"150\" src=\"https:\/\/www.solidarnosc.org.pl\/bbial\/wp-content\/uploads\/2024\/12\/IMG_2374-scaled-1-150x150.jpg\" class=\"attachment-thumbnail size-thumbnail\" alt=\"\" \/><\/a>\n\t\t\t<\/div><\/figure>\n\t\t<\/div>\n\n<p><iframe title=\"YouTube video player\" src=\"https:\/\/www.youtube.com\/embed\/32lTHZgOVE4?si=R9NdoW-LD2q1tdGZ\" width=\"800\" height=\"500\" frameborder=\"0\" allowfullscreen=\"allowfullscreen\"><span style=\"display: inline-block; width: 0px; overflow: hidden; line-height: 0;\" data-mce-type=\"bookmark\" class=\"mce_SELRES_start\">\ufeff<\/span><\/iframe><\/p>\n","protected":false},"excerpt":{"rendered":"<p>We wtorek 6 sierpnia 2024 r. w siedzibie podbeskidzkiej \u201eSolidarno\u015bci\u201d w Bielsku-Bia\u0142ej odby\u0142o si\u0119 podsumowanie trzeciej edycji konkursu plastycznego \u201eSolidarno\u015b\u0107 w oczach m\u0142odzie\u017cy\u201d.<\/p>\n","protected":false},"author":1991,"featured_media":40927,"comment_status":"open","ping_status":"open","sticky":false,"template":"","format":"standard","meta":{"footnotes":""},"categories":[24,165,16],"tags":[21,22,23],"class_list":["post-40925","post","type-post","status-publish","format-standard","has-post-thumbnail","hentry","category-sekcja-oswiaty","category-sekcje","category-solidarnosc","tag-konkurs","tag-licealisci","tag-plastyka"],"_links":{"self":[{"href":"https:\/\/www.solidarnosc.org.pl\/bbial\/wp-json\/wp\/v2\/posts\/40925","targetHints":{"allow":["GET"]}}],"collection":[{"href":"https:\/\/www.solidarnosc.org.pl\/bbial\/wp-json\/wp\/v2\/posts"}],"about":[{"href":"https:\/\/www.solidarnosc.org.pl\/bbial\/wp-json\/wp\/v2\/types\/post"}],"author":[{"embeddable":true,"href":"https:\/\/www.solidarnosc.org.pl\/bbial\/wp-json\/wp\/v2\/users\/1991"}],"replies":[{"embeddable":true,"href":"https:\/\/www.solidarnosc.org.pl\/bbial\/wp-json\/wp\/v2\/comments?post=40925"}],"version-history":[{"count":2,"href":"https:\/\/www.solidarnosc.org.pl\/bbial\/wp-json\/wp\/v2\/posts\/40925\/revisions"}],"predecessor-version":[{"id":40939,"href":"https:\/\/www.solidarnosc.org.pl\/bbial\/wp-json\/wp\/v2\/posts\/40925\/revisions\/40939"}],"wp:featuredmedia":[{"embeddable":true,"href":"https:\/\/www.solidarnosc.org.pl\/bbial\/wp-json\/wp\/v2\/media\/40927"}],"wp:attachment":[{"href":"https:\/\/www.solidarnosc.org.pl\/bbial\/wp-json\/wp\/v2\/media?parent=40925"}],"wp:term":[{"taxonomy":"category","embeddable":true,"href":"https:\/\/www.solidarnosc.org.pl\/bbial\/wp-json\/wp\/v2\/categories?post=40925"},{"taxonomy":"post_tag","embeddable":true,"href":"https:\/\/www.solidarnosc.org.pl\/bbial\/wp-json\/wp\/v2\/tags?post=40925"}],"curies":[{"name":"wp","href":"https:\/\/api.w.org\/{rel}","templated":true}]}}