{"id":40845,"date":"2024-06-24T10:17:30","date_gmt":"2024-06-24T08:17:30","guid":{"rendered":"https:\/\/www.solidarnosc.org.pl\/bbial\/konkurs-plastyczny-zakonczony\/"},"modified":"2024-12-20T16:02:48","modified_gmt":"2024-12-20T14:02:48","slug":"konkurs-plastyczny-zakonczony","status":"publish","type":"post","link":"https:\/\/www.solidarnosc.org.pl\/bbial\/konkurs-plastyczny-zakonczony\/","title":{"rendered":"Konkurs plastyczny zako\u0144czony"},"content":{"rendered":"<p><strong>Zako\u0144czy\u0142a si\u0119 trzecia edycja konkursu plastycznego \u201eSolidarno\u015b\u0107 w oczach m\u0142odzie\u017cy\u201d, adresowanego do uczni\u00f3w szk\u00f3\u0142 \u015brednich Bielska-Bia\u0142ej oraz powiat\u00f3w bielskiego, \u017cywieckiego, cieszy\u0144skiego i\u00a0 o\u015bwi\u0119cimskiego.<\/strong> <!--more--><\/p>\n<p><img fetchpriority=\"high\" decoding=\"async\" class=\"size-medium wp-image-36399 alignright\" src=\"https:\/\/www.solidarnosc.org.pl\/bbial\/wp-content\/uploads\/2024\/12\/IMG_2257-scaled.jpg\" alt=\"\" width=\"300\" height=\"200\" \/>Konkurs ten zorganizowany zosta\u0142 przez Zarz\u0105d Regionu Podbeskidzie NSZZ \u201eSolidarno\u015b\u0107\u201d oraz Sekcj\u0119 Regionaln\u0105 O\u015bwiaty i Wychowania NSZZ \u201eSolidarno\u015b\u0107\u201d Regionu Podbeskidzie. Patronat nad konkursem obj\u0105\u0142 Dyrektor Instytutu Pami\u0119ci Narodowej Oddzia\u0142 Katowice.<\/p>\n<p>Tegoroczny konkurs, kt\u00f3remu towarzyszy\u0142o motto <em>\u201eSolidarno\u015b\u0107 to jedno\u015b\u0107 serc, umys\u0142\u00f3w i r\u0105k zakorzenionych w idea\u0142ach, kt\u00f3re s\u0105 zdolne przemienia\u0107 \u015bwiat\u201d<\/em>, zwi\u0105zany jest z obchodami 40. rocznicy \u015bmierci b\u0142. ks. Jerzego Popie\u0142uszki, 44. rocznicy powstania Niezale\u017cnego Samorz\u0105dnego Zwi\u0105zku Zawodowego \u201eSolidarno\u015b\u0107\u201d oraz 45. rocznicy pierwszej wizyty Ojca \u015awi\u0119tego Jana Paw\u0142a II w Polsce.<\/p>\n<p>Na konkurs wp\u0142yn\u0119\u0142o blisko 30 prac. Ich ocen\u0105 zaj\u0119\u0142a si\u0119 komisja konkursowa, kt\u00f3ra zebra\u0142a si\u0119 w pi\u0105tek, 21 czerwca. Wyniki pracy juror\u00f3w zostan\u0105 wkr\u00f3tce og\u0142oszone na stronie internetowej Regionu Podbeskidzie NSZZ \u201eSolidarno\u015b\u0107\u201d oraz na Facebook\u2019u Zarz\u0105du Regionu. Teraz trwa tam specjalny plebiscyt na prac\u0119, kt\u00f3ra najbardziej spodoba si\u0119 internautom.<\/p>\n<div id='gallery-1' class='gallery galleryid-40845 gallery-columns-3 gallery-size-thumbnail'><figure class='gallery-item'>\n\t\t\t<div class='gallery-icon landscape'>\n\t\t\t\t<a href='https:\/\/www.solidarnosc.org.pl\/bbial\/wp-content\/uploads\/2024\/12\/IMG_2280-scaled-1.jpg'><img decoding=\"async\" width=\"150\" height=\"150\" src=\"https:\/\/www.solidarnosc.org.pl\/bbial\/wp-content\/uploads\/2024\/12\/IMG_2280-scaled-1-150x150.jpg\" class=\"attachment-thumbnail size-thumbnail\" alt=\"\" \/><\/a>\n\t\t\t<\/div><\/figure><figure class='gallery-item'>\n\t\t\t<div class='gallery-icon landscape'>\n\t\t\t\t<a href='https:\/\/www.solidarnosc.org.pl\/bbial\/wp-content\/uploads\/2024\/12\/IMG_2257-scaled-1.jpg'><img decoding=\"async\" width=\"150\" height=\"150\" src=\"https:\/\/www.solidarnosc.org.pl\/bbial\/wp-content\/uploads\/2024\/12\/IMG_2257-scaled-1-150x150.jpg\" class=\"attachment-thumbnail size-thumbnail\" alt=\"\" \/><\/a>\n\t\t\t<\/div><\/figure><figure class='gallery-item'>\n\t\t\t<div class='gallery-icon landscape'>\n\t\t\t\t<a href='https:\/\/www.solidarnosc.org.pl\/bbial\/wp-content\/uploads\/2024\/12\/IMG_2276-scaled-1.jpg'><img loading=\"lazy\" decoding=\"async\" width=\"150\" height=\"150\" src=\"https:\/\/www.solidarnosc.org.pl\/bbial\/wp-content\/uploads\/2024\/12\/IMG_2276-scaled-1-150x150.jpg\" class=\"attachment-thumbnail size-thumbnail\" alt=\"\" \/><\/a>\n\t\t\t<\/div><\/figure><figure class='gallery-item'>\n\t\t\t<div class='gallery-icon landscape'>\n\t\t\t\t<a href='https:\/\/www.solidarnosc.org.pl\/bbial\/wp-content\/uploads\/2024\/12\/IMG_2277-scaled-1.jpg'><img loading=\"lazy\" decoding=\"async\" width=\"150\" height=\"150\" src=\"https:\/\/www.solidarnosc.org.pl\/bbial\/wp-content\/uploads\/2024\/12\/IMG_2277-scaled-1-150x150.jpg\" class=\"attachment-thumbnail size-thumbnail\" alt=\"\" \/><\/a>\n\t\t\t<\/div><\/figure><figure class='gallery-item'>\n\t\t\t<div class='gallery-icon landscape'>\n\t\t\t\t<a href='https:\/\/www.solidarnosc.org.pl\/bbial\/wp-content\/uploads\/2024\/12\/IMG_2275-scaled-1.jpg'><img loading=\"lazy\" decoding=\"async\" width=\"150\" height=\"150\" src=\"https:\/\/www.solidarnosc.org.pl\/bbial\/wp-content\/uploads\/2024\/12\/IMG_2275-scaled-1-150x150.jpg\" class=\"attachment-thumbnail size-thumbnail\" alt=\"\" \/><\/a>\n\t\t\t<\/div><\/figure><figure class='gallery-item'>\n\t\t\t<div class='gallery-icon landscape'>\n\t\t\t\t<a href='https:\/\/www.solidarnosc.org.pl\/bbial\/wp-content\/uploads\/2024\/12\/IMG_2274-scaled-1.jpg'><img loading=\"lazy\" decoding=\"async\" width=\"150\" height=\"150\" src=\"https:\/\/www.solidarnosc.org.pl\/bbial\/wp-content\/uploads\/2024\/12\/IMG_2274-scaled-1-150x150.jpg\" class=\"attachment-thumbnail size-thumbnail\" alt=\"\" \/><\/a>\n\t\t\t<\/div><\/figure><figure class='gallery-item'>\n\t\t\t<div class='gallery-icon landscape'>\n\t\t\t\t<a href='https:\/\/www.solidarnosc.org.pl\/bbial\/wp-content\/uploads\/2024\/12\/IMG_2260-scaled-1.jpg'><img loading=\"lazy\" decoding=\"async\" width=\"150\" height=\"150\" src=\"https:\/\/www.solidarnosc.org.pl\/bbial\/wp-content\/uploads\/2024\/12\/IMG_2260-scaled-1-150x150.jpg\" class=\"attachment-thumbnail size-thumbnail\" alt=\"\" \/><\/a>\n\t\t\t<\/div><\/figure><figure class='gallery-item'>\n\t\t\t<div class='gallery-icon landscape'>\n\t\t\t\t<a href='https:\/\/www.solidarnosc.org.pl\/bbial\/wp-content\/uploads\/2024\/12\/IMG_2263-scaled-1.jpg'><img loading=\"lazy\" decoding=\"async\" width=\"150\" height=\"150\" src=\"https:\/\/www.solidarnosc.org.pl\/bbial\/wp-content\/uploads\/2024\/12\/IMG_2263-scaled-1-150x150.jpg\" class=\"attachment-thumbnail size-thumbnail\" alt=\"\" \/><\/a>\n\t\t\t<\/div><\/figure>\n\t\t<\/div>\n\n","protected":false},"excerpt":{"rendered":"<p>Zako\u0144czy\u0142a si\u0119 trzecia edycja konkursu plastycznego \u201eSolidarno\u015b\u0107 w oczach m\u0142odzie\u017cy\u201d, adresowanego do uczni\u00f3w szk\u00f3\u0142 \u015brednich Bielska-Bia\u0142ej oraz powiat\u00f3w bielskiego, \u017cywieckiego, cieszy\u0144skiego i\u00a0 o\u015bwi\u0119cimskiego.<\/p>\n","protected":false},"author":1991,"featured_media":40848,"comment_status":"open","ping_status":"open","sticky":false,"template":"","format":"standard","meta":{"footnotes":""},"categories":[24,165,16],"tags":[392,393,30],"class_list":["post-40845","post","type-post","status-publish","format-standard","has-post-thumbnail","hentry","category-sekcja-oswiaty","category-sekcje","category-solidarnosc","tag-konkurs-plastyczny","tag-mlodziez","tag-rocznica"],"_links":{"self":[{"href":"https:\/\/www.solidarnosc.org.pl\/bbial\/wp-json\/wp\/v2\/posts\/40845","targetHints":{"allow":["GET"]}}],"collection":[{"href":"https:\/\/www.solidarnosc.org.pl\/bbial\/wp-json\/wp\/v2\/posts"}],"about":[{"href":"https:\/\/www.solidarnosc.org.pl\/bbial\/wp-json\/wp\/v2\/types\/post"}],"author":[{"embeddable":true,"href":"https:\/\/www.solidarnosc.org.pl\/bbial\/wp-json\/wp\/v2\/users\/1991"}],"replies":[{"embeddable":true,"href":"https:\/\/www.solidarnosc.org.pl\/bbial\/wp-json\/wp\/v2\/comments?post=40845"}],"version-history":[{"count":2,"href":"https:\/\/www.solidarnosc.org.pl\/bbial\/wp-json\/wp\/v2\/posts\/40845\/revisions"}],"predecessor-version":[{"id":40856,"href":"https:\/\/www.solidarnosc.org.pl\/bbial\/wp-json\/wp\/v2\/posts\/40845\/revisions\/40856"}],"wp:featuredmedia":[{"embeddable":true,"href":"https:\/\/www.solidarnosc.org.pl\/bbial\/wp-json\/wp\/v2\/media\/40848"}],"wp:attachment":[{"href":"https:\/\/www.solidarnosc.org.pl\/bbial\/wp-json\/wp\/v2\/media?parent=40845"}],"wp:term":[{"taxonomy":"category","embeddable":true,"href":"https:\/\/www.solidarnosc.org.pl\/bbial\/wp-json\/wp\/v2\/categories?post=40845"},{"taxonomy":"post_tag","embeddable":true,"href":"https:\/\/www.solidarnosc.org.pl\/bbial\/wp-json\/wp\/v2\/tags?post=40845"}],"curies":[{"name":"wp","href":"https:\/\/api.w.org\/{rel}","templated":true}]}}