{"id":40564,"date":"2024-05-13T13:12:32","date_gmt":"2024-05-13T11:12:32","guid":{"rendered":"https:\/\/www.solidarnosc.org.pl\/bbial\/idzie-idzie-podbeskidzie-po-ulicach-warszawy\/"},"modified":"2024-12-20T16:02:48","modified_gmt":"2024-12-20T14:02:48","slug":"idzie-idzie-podbeskidzie-po-ulicach-warszawy","status":"publish","type":"post","link":"https:\/\/www.solidarnosc.org.pl\/bbial\/idzie-idzie-podbeskidzie-po-ulicach-warszawy\/","title":{"rendered":"Idzie idzie Podbeskidzie &#8211; po ulicach Warszawy"},"content":{"rendered":"<p>Blisko 700 zwi\u0105zkowc\u00f3w z &#8222;Solidarno\u015bci&#8221; Regionu Podbeskidzie wzi\u0119\u0142o udzia\u0142 w og\u00f3lnopolskiej manifestacji, kt\u00f3ra odby\u0142a si\u0119 w pi\u0105tek 10 maja 2024 roku w Warszawie. <!--more--><\/p>\n<p><img fetchpriority=\"high\" decoding=\"async\" class=\"size-medium wp-image-36024 alignright\" src=\"https:\/\/www.solidarnosc.org.pl\/bbial\/wp-content\/uploads\/2024\/12\/IMG_1683-scaled.jpg\" alt=\"\" width=\"200\" height=\"300\" \/> Protest, zorganizowany pod has\u0142em &#8222;Precz z Zielonym \u0141adem&#8221;, by\u0142 wsp\u00f3ln\u0105 inicjatyw\u0105 zwi\u0105zkowc\u00f3w z NSZZ &#8222;Solidarno\u015b\u0107&#8221; i rolnik\u00f3w zrzeszonych w NSZZ RI &#8222;Solidarno\u015b\u0107&#8221;.<\/p>\n<p>&#8211; Dzi\u0119kuj\u0119 wszystkim, kt\u00f3rzy wzi\u0119li udzia\u0142 w tej gigantycznej manifestacji. Dzi\u0119kuj\u0119 za podj\u0119ty trud i za wielogodzinny marsz przez stolic\u0119. Pokazali\u015bmy rz\u0105dz\u0105cym, \u017ce nie b\u0119dzie naszej zgody na rujnowanie polskiej gospodarki, rolnictwa i bud\u017cet\u00f3w domowych w imi\u0119 jaki\u015b ob\u0142\u0105ka\u0144czych pomys\u0142\u00f3w biurokrat\u00f3w z Brukseli czy Berlina. Teraz zach\u0119cam wszystkich do podpisywania wniosk\u00f3w o przeprowadzenie og\u00f3lnopolskiego referendum w sprawie Zielonego \u0141adu &#8211; powiedzia\u0142 po zako\u0144czeniu wielogodzinnej manifestacji przewodnicz\u0105cy podbeskidzkiej &#8222;Solidarno\u015bci&#8221; Marek Bogusz.<\/p>\n<p>&nbsp;<\/p>\n<p>&nbsp;<\/p>\n<p>&nbsp;<\/p>\n","protected":false},"excerpt":{"rendered":"<p>Blisko 700 zwi\u0105zkowc\u00f3w z &#8222;Solidarno\u015bci&#8221; Regionu Podbeskidzie wzi\u0119\u0142o udzia\u0142 w og\u00f3lnopolskiej manifestacji, kt\u00f3ra odby\u0142a si\u0119 w pi\u0105tek 10 maja 2024 roku w Warszawie.<\/p>\n","protected":false},"author":1991,"featured_media":40567,"comment_status":"open","ping_status":"open","sticky":false,"template":"","format":"standard","meta":{"footnotes":""},"categories":[16],"tags":[279,365,67],"class_list":["post-40564","post","type-post","status-publish","format-standard","has-post-thumbnail","hentry","category-solidarnosc","tag-manifestacja","tag-podbeskidzie","tag-zielony-lad"],"_links":{"self":[{"href":"https:\/\/www.solidarnosc.org.pl\/bbial\/wp-json\/wp\/v2\/posts\/40564","targetHints":{"allow":["GET"]}}],"collection":[{"href":"https:\/\/www.solidarnosc.org.pl\/bbial\/wp-json\/wp\/v2\/posts"}],"about":[{"href":"https:\/\/www.solidarnosc.org.pl\/bbial\/wp-json\/wp\/v2\/types\/post"}],"author":[{"embeddable":true,"href":"https:\/\/www.solidarnosc.org.pl\/bbial\/wp-json\/wp\/v2\/users\/1991"}],"replies":[{"embeddable":true,"href":"https:\/\/www.solidarnosc.org.pl\/bbial\/wp-json\/wp\/v2\/comments?post=40564"}],"version-history":[{"count":1,"href":"https:\/\/www.solidarnosc.org.pl\/bbial\/wp-json\/wp\/v2\/posts\/40564\/revisions"}],"predecessor-version":[{"id":40566,"href":"https:\/\/www.solidarnosc.org.pl\/bbial\/wp-json\/wp\/v2\/posts\/40564\/revisions\/40566"}],"wp:featuredmedia":[{"embeddable":true,"href":"https:\/\/www.solidarnosc.org.pl\/bbial\/wp-json\/wp\/v2\/media\/40567"}],"wp:attachment":[{"href":"https:\/\/www.solidarnosc.org.pl\/bbial\/wp-json\/wp\/v2\/media?parent=40564"}],"wp:term":[{"taxonomy":"category","embeddable":true,"href":"https:\/\/www.solidarnosc.org.pl\/bbial\/wp-json\/wp\/v2\/categories?post=40564"},{"taxonomy":"post_tag","embeddable":true,"href":"https:\/\/www.solidarnosc.org.pl\/bbial\/wp-json\/wp\/v2\/tags?post=40564"}],"curies":[{"name":"wp","href":"https:\/\/api.w.org\/{rel}","templated":true}]}}