{"id":11852,"date":"2018-10-22T06:56:50","date_gmt":"2018-10-22T06:56:50","guid":{"rendered":"https:\/\/www.solidarnosc.org.pl\/bbial\/archiwumstrony\/?p=11852"},"modified":"2018-10-22T06:56:50","modified_gmt":"2018-10-22T06:56:50","slug":"kto-zostanie-przewodniczacym-s-zbliza-sie-krajowy-zjazd-delegatow-nszz-solidarnosc","status":"publish","type":"post","link":"https:\/\/www.solidarnosc.org.pl\/bbial\/archiwumstrony\/solidarnosc\/kto-zostanie-przewodniczacym-s-zbliza-sie-krajowy-zjazd-delegatow-nszz-solidarnosc\/","title":{"rendered":"Kto zostanie przewodnicz\u0105cym &#8222;S&#8221;? Zbli\u017ca si\u0119 Krajowy Zjazd Delegat\u00f3w NSZZ Solidarno\u015b\u0107."},"content":{"rendered":"<p>W dniach 25-26 pa\u017adziernika 2018 roku odb\u0119dzie si\u0119 Krajowy Zjazd Delegat\u00f3w NSZZ Solidarno\u015b\u0107. Miejscem obrad b\u0119dzie Cz\u0119stochowa. Do kompetencji KZD nale\u017cy m.in. uchwalanie og\u00f3lnego programu dzia\u0142ania Zwi\u0105zku, zmiana Statutu oraz wyb\u00f3r przewodnicz\u0105cego Komisji Krajowej. Od 2010 funkcj\u0119 przewodnicz\u0105cego &#8222;S&#8221; pe\u0142ni Piotr Duda.<!--more-->Decyzj\u0119 o miejscu i terminie KZD podj\u0119li cz\u0142onkowie Komisji Krajowej na obradach w Wieliczce w ubieg\u0142ym roku. Do kompetencji Krajowego Zjazdu Delegat\u00f3w nale\u017cy m.in. uchwalanie og\u00f3lnego programu dzia\u0142ania Zwi\u0105zku, zmian Statutu oraz wyb\u00f3r przewodnicz\u0105cego Komisji Krajowej. <em>&#8211;\u00a0KZD to najwy\u017csza w\u0142adza Zwi\u0105zku. Nie tylko wybiera i rozlicza przewodnicz\u0105cego i Komisj\u0119 Krajow\u0105, ale te\u017c przyjmuje najwa\u017cniejszy dokument \u2013 uchwa\u0142\u0119 programow\u0105. To od niej zale\u017cy co Solidarno\u015b\u0107 b\u0119dzie robi\u0142a przez najbli\u017csze 4 lata\u00a0<\/em>&#8211; powiedzia\u0142 w rozmowie z &#8222;TS&#8221; Marek Lewandowski, rzecznik prasowy Solidarno\u015bci. Go\u015b\u0107mi zjazdu b\u0119dzie m.in Prezydent RP Andrzej Duda, a tak\u017ce wielu przedstawicieli rz\u0105du. Lista nie jest jeszcze zamkni\u0119ta. Krajowy Zjazd Delegat\u00f3w tworz\u0105 delegaci wybrani przez walne zebrania delegat\u00f3w region\u00f3w. Liczba miejsc mandatowych przypadaj\u0105cych poszczeg\u00f3lnym regionom jest proporcjonalna do liczby cz\u0142onk\u00f3w Zwi\u0105zku zrzeszonych w danym regionie. Ponadto w sk\u0142ad KZD wchodz\u0105 przewodnicz\u0105cy zarz\u0105d\u00f3w region\u00f3w i rad krajowych sekretariat\u00f3w bran\u017cowych oraz przewodnicz\u0105cy Rady Krajowego Sekretariatu Emeryt\u00f3w i Rencist\u00f3w. Obecnie KZD liczy 325 delegat\u00f3w. W\u015br\u00f3d nich jest o\u015bmiu reprezentant\u00f3w podbeskidzkiej \u201eSolidarno\u015bci\u201d &#8211; s\u0105 to: <strong>Andrzej Biegun<\/strong> (Browar \u017bywiec), <strong>Marek Bogusz<\/strong> (przewodnicz\u0105cy ZR), <strong>Miros\u0142aw Brzu\u015bnian<\/strong> (Tauron Dystrybucja B-B), <strong>Dariusz Dudek<\/strong> (PG Silesia Czechowice-Dz.), <strong>Piotr G\u00f3rny<\/strong> (Bulten Shiloh B-B), <strong>Krzysztof Jaworski<\/strong> (Grupa K\u0119ty), <strong>Pawe\u0142 \u0141abuz<\/strong> (Sews Cabind \u017bywiec) i <strong>Rafa\u0142 Tyra\u0142a<\/strong> (Proseat B-B).<\/p>\n<p>raw\/k (tysol) + inf. w\u0142.<\/p>\n","protected":false},"excerpt":{"rendered":"<p>W dniach 25-26 pa\u017adziernika 2018 roku odb\u0119dzie si\u0119 Krajowy Zjazd Delegat\u00f3w NSZZ Solidarno\u015b\u0107. Miejscem obrad b\u0119dzie Cz\u0119stochowa. Do kompetencji KZD nale\u017cy m.in. uchwalanie og\u00f3lnego programu dzia\u0142ania Zwi\u0105zku, zmiana Statutu oraz wyb\u00f3r przewodnicz\u0105cego Komisji Krajowej. Od 2010 funkcj\u0119 przewodnicz\u0105cego &#8222;S&#8221; pe\u0142ni Piotr Duda.<\/p>\n","protected":false},"author":3,"featured_media":0,"comment_status":"closed","ping_status":"closed","sticky":false,"template":"","format":"standard","meta":{"_links_to":"","_links_to_target":""},"categories":[41],"tags":[327,326,58,325],"yoast_head":"<!-- This site is optimized with the Yoast SEO plugin v20.6-RC4 - https:\/\/yoast.com\/wordpress\/plugins\/seo\/ -->\n<title>&#032;-&#032; Kto zostanie przewodnicz\u0105cym &quot;S&quot;? Zbli\u017ca si\u0119 Krajowy Zjazd Delegat\u00f3w NSZZ Solidarno\u015b\u0107.<\/title>\n<meta name=\"robots\" content=\"index, follow, max-snippet:-1, max-image-preview:large, max-video-preview:-1\" \/>\n<link rel=\"canonical\" href=\"https:\/\/www.solidarnosc.org.pl\/bbial\/archiwumstrony\/solidarnosc\/kto-zostanie-przewodniczacym-s-zbliza-sie-krajowy-zjazd-delegatow-nszz-solidarnosc\/\" \/>\n<meta property=\"og:locale\" content=\"pl_PL\" \/>\n<meta property=\"og:type\" content=\"article\" \/>\n<meta property=\"og:title\" content=\"&#032;-&#032; Kto zostanie przewodnicz\u0105cym &quot;S&quot;? Zbli\u017ca si\u0119 Krajowy Zjazd Delegat\u00f3w NSZZ Solidarno\u015b\u0107.\" \/>\n<meta property=\"og:description\" content=\"W dniach 25-26 pa\u017adziernika 2018 roku odb\u0119dzie si\u0119 Krajowy Zjazd Delegat\u00f3w NSZZ Solidarno\u015b\u0107. Miejscem obrad b\u0119dzie Cz\u0119stochowa. Do kompetencji KZD nale\u017cy m.in. uchwalanie og\u00f3lnego programu dzia\u0142ania Zwi\u0105zku, zmiana Statutu oraz wyb\u00f3r przewodnicz\u0105cego Komisji Krajowej. Od 2010 funkcj\u0119 przewodnicz\u0105cego &#8222;S&#8221; pe\u0142ni Piotr Duda.\" \/>\n<meta property=\"og:url\" content=\"https:\/\/www.solidarnosc.org.pl\/bbial\/archiwumstrony\/solidarnosc\/kto-zostanie-przewodniczacym-s-zbliza-sie-krajowy-zjazd-delegatow-nszz-solidarnosc\/\" \/>\n<meta property=\"og:site_name\" content=\"NSZZ SOLIDARNO\u015a\u0106\" \/>\n<meta property=\"article:publisher\" content=\"https:\/\/www.facebook.com\/RegionPodbeskidzieNSZZSolidarnosc\/?locale=pl_PL\" \/>\n<meta property=\"article:published_time\" content=\"2018-10-22T06:56:50+00:00\" \/>\n<meta property=\"og:image\" content=\"https:\/\/www.solidarnosc.org.pl\/bbial\/archiwumstrony\/wp-content\/uploads\/2023\/10\/logo-nszz-s-podeskidzie.jpg\" \/>\n\t<meta property=\"og:image:width\" content=\"1626\" \/>\n\t<meta property=\"og:image:height\" content=\"1030\" \/>\n\t<meta property=\"og:image:type\" content=\"image\/jpeg\" \/>\n<meta name=\"author\" content=\"Informacja zwi\u0105zkowa\" \/>\n<meta name=\"twitter:card\" content=\"summary_large_image\" \/>\n<meta name=\"twitter:label1\" content=\"Napisane przez\" \/>\n\t<meta name=\"twitter:data1\" content=\"Informacja zwi\u0105zkowa\" \/>\n\t<meta name=\"twitter:label2\" content=\"Szacowany czas czytania\" \/>\n\t<meta name=\"twitter:data2\" content=\"2 minuty\" \/>\n<script type=\"application\/ld+json\" class=\"yoast-schema-graph\">{\"@context\":\"https:\/\/schema.org\",\"@graph\":[{\"@type\":\"Article\",\"@id\":\"https:\/\/www.solidarnosc.org.pl\/bbial\/archiwumstrony\/solidarnosc\/kto-zostanie-przewodniczacym-s-zbliza-sie-krajowy-zjazd-delegatow-nszz-solidarnosc\/#article\",\"isPartOf\":{\"@id\":\"https:\/\/www.solidarnosc.org.pl\/bbial\/archiwumstrony\/solidarnosc\/kto-zostanie-przewodniczacym-s-zbliza-sie-krajowy-zjazd-delegatow-nszz-solidarnosc\/\"},\"author\":{\"name\":\"Informacja zwi\u0105zkowa\",\"@id\":\"https:\/\/www.solidarnosc.org.pl\/bbial\/archiwumstrony\/#\/schema\/person\/d8a6c0c2d8209b3065504110fb35aae9\"},\"headline\":\"Kto zostanie przewodnicz\u0105cym &#8222;S&#8221;? Zbli\u017ca si\u0119 Krajowy Zjazd Delegat\u00f3w NSZZ Solidarno\u015b\u0107.\",\"datePublished\":\"2018-10-22T06:56:50+00:00\",\"dateModified\":\"2018-10-22T06:56:50+00:00\",\"mainEntityOfPage\":{\"@id\":\"https:\/\/www.solidarnosc.org.pl\/bbial\/archiwumstrony\/solidarnosc\/kto-zostanie-przewodniczacym-s-zbliza-sie-krajowy-zjazd-delegatow-nszz-solidarnosc\/\"},\"wordCount\":327,\"publisher\":{\"@id\":\"https:\/\/www.solidarnosc.org.pl\/bbial\/archiwumstrony\/#organization\"},\"keywords\":[\"Delegaci\",\"KZD\",\"wybory\",\"Zjazd\"],\"articleSection\":[\"Solidarno\u015b\u0107 Podbeskidzie\"],\"inLanguage\":\"pl-PL\"},{\"@type\":\"WebPage\",\"@id\":\"https:\/\/www.solidarnosc.org.pl\/bbial\/archiwumstrony\/solidarnosc\/kto-zostanie-przewodniczacym-s-zbliza-sie-krajowy-zjazd-delegatow-nszz-solidarnosc\/\",\"url\":\"https:\/\/www.solidarnosc.org.pl\/bbial\/archiwumstrony\/solidarnosc\/kto-zostanie-przewodniczacym-s-zbliza-sie-krajowy-zjazd-delegatow-nszz-solidarnosc\/\",\"name\":\"&#32;-&#32; Kto zostanie przewodnicz\u0105cym \\\"S\\\"? Zbli\u017ca si\u0119 Krajowy Zjazd Delegat\u00f3w NSZZ Solidarno\u015b\u0107.\",\"isPartOf\":{\"@id\":\"https:\/\/www.solidarnosc.org.pl\/bbial\/archiwumstrony\/#website\"},\"datePublished\":\"2018-10-22T06:56:50+00:00\",\"dateModified\":\"2018-10-22T06:56:50+00:00\",\"breadcrumb\":{\"@id\":\"https:\/\/www.solidarnosc.org.pl\/bbial\/archiwumstrony\/solidarnosc\/kto-zostanie-przewodniczacym-s-zbliza-sie-krajowy-zjazd-delegatow-nszz-solidarnosc\/#breadcrumb\"},\"inLanguage\":\"pl-PL\",\"potentialAction\":[{\"@type\":\"ReadAction\",\"target\":[\"https:\/\/www.solidarnosc.org.pl\/bbial\/archiwumstrony\/solidarnosc\/kto-zostanie-przewodniczacym-s-zbliza-sie-krajowy-zjazd-delegatow-nszz-solidarnosc\/\"]}]},{\"@type\":\"BreadcrumbList\",\"@id\":\"https:\/\/www.solidarnosc.org.pl\/bbial\/archiwumstrony\/solidarnosc\/kto-zostanie-przewodniczacym-s-zbliza-sie-krajowy-zjazd-delegatow-nszz-solidarnosc\/#breadcrumb\",\"itemListElement\":[{\"@type\":\"ListItem\",\"position\":1,\"name\":\"Strona g\u0142\u00f3wna\",\"item\":\"https:\/\/www.solidarnosc.org.pl\/bbial\/archiwumstrony\/\"},{\"@type\":\"ListItem\",\"position\":2,\"name\":\"Kto zostanie przewodnicz\u0105cym &#8222;S&#8221;? Zbli\u017ca si\u0119 Krajowy Zjazd Delegat\u00f3w NSZZ Solidarno\u015b\u0107.\"}]},{\"@type\":\"WebSite\",\"@id\":\"https:\/\/www.solidarnosc.org.pl\/bbial\/archiwumstrony\/#website\",\"url\":\"https:\/\/www.solidarnosc.org.pl\/bbial\/archiwumstrony\/\",\"name\":\"NSZZ SOLIDARNO\u015a\u0106\",\"description\":\"Region Podbeskidzie\",\"publisher\":{\"@id\":\"https:\/\/www.solidarnosc.org.pl\/bbial\/archiwumstrony\/#organization\"},\"potentialAction\":[{\"@type\":\"SearchAction\",\"target\":{\"@type\":\"EntryPoint\",\"urlTemplate\":\"https:\/\/www.solidarnosc.org.pl\/bbial\/archiwumstrony\/?s={search_term_string}\"},\"query-input\":\"required name=search_term_string\"}],\"inLanguage\":\"pl-PL\"},{\"@type\":\"Organization\",\"@id\":\"https:\/\/www.solidarnosc.org.pl\/bbial\/archiwumstrony\/#organization\",\"name\":\"NSZZ SOLIDARNO\u015a\u0106\",\"url\":\"https:\/\/www.solidarnosc.org.pl\/bbial\/archiwumstrony\/\",\"logo\":{\"@type\":\"ImageObject\",\"inLanguage\":\"pl-PL\",\"@id\":\"https:\/\/www.solidarnosc.org.pl\/bbial\/archiwumstrony\/#\/schema\/logo\/image\/\",\"url\":\"https:\/\/www.solidarnosc.org.pl\/bbial\/archiwumstrony\/wp-content\/uploads\/2023\/10\/logo-nszz-s-podeskidzie.jpg\",\"contentUrl\":\"https:\/\/www.solidarnosc.org.pl\/bbial\/archiwumstrony\/wp-content\/uploads\/2023\/10\/logo-nszz-s-podeskidzie.jpg\",\"width\":1626,\"height\":1030,\"caption\":\"NSZZ SOLIDARNO\u015a\u0106\"},\"image\":{\"@id\":\"https:\/\/www.solidarnosc.org.pl\/bbial\/archiwumstrony\/#\/schema\/logo\/image\/\"},\"sameAs\":[\"https:\/\/www.facebook.com\/RegionPodbeskidzieNSZZSolidarnosc\/?locale=pl_PL\"]},{\"@type\":\"Person\",\"@id\":\"https:\/\/www.solidarnosc.org.pl\/bbial\/archiwumstrony\/#\/schema\/person\/d8a6c0c2d8209b3065504110fb35aae9\",\"name\":\"Informacja zwi\u0105zkowa\",\"image\":{\"@type\":\"ImageObject\",\"inLanguage\":\"pl-PL\",\"@id\":\"https:\/\/www.solidarnosc.org.pl\/bbial\/archiwumstrony\/#\/schema\/person\/image\/\",\"url\":\"https:\/\/secure.gravatar.com\/avatar\/b02f5714e8bd82578cf0e25319668b67?s=96&d=blank&r=g\",\"contentUrl\":\"https:\/\/secure.gravatar.com\/avatar\/b02f5714e8bd82578cf0e25319668b67?s=96&d=blank&r=g\",\"caption\":\"Informacja zwi\u0105zkowa\"},\"url\":\"https:\/\/www.solidarnosc.org.pl\/bbial\/archiwumstrony\/author\/akasprzykowski\/\"}]}<\/script>\n<!-- \/ Yoast SEO plugin. -->","yoast_head_json":{"title":"&#32;-&#32; Kto zostanie przewodnicz\u0105cym \"S\"? Zbli\u017ca si\u0119 Krajowy Zjazd Delegat\u00f3w NSZZ Solidarno\u015b\u0107.","robots":{"index":"index","follow":"follow","max-snippet":"max-snippet:-1","max-image-preview":"max-image-preview:large","max-video-preview":"max-video-preview:-1"},"canonical":"https:\/\/www.solidarnosc.org.pl\/bbial\/archiwumstrony\/solidarnosc\/kto-zostanie-przewodniczacym-s-zbliza-sie-krajowy-zjazd-delegatow-nszz-solidarnosc\/","og_locale":"pl_PL","og_type":"article","og_title":"&#32;-&#32; Kto zostanie przewodnicz\u0105cym \"S\"? Zbli\u017ca si\u0119 Krajowy Zjazd Delegat\u00f3w NSZZ Solidarno\u015b\u0107.","og_description":"W dniach 25-26 pa\u017adziernika 2018 roku odb\u0119dzie si\u0119 Krajowy Zjazd Delegat\u00f3w NSZZ Solidarno\u015b\u0107. Miejscem obrad b\u0119dzie Cz\u0119stochowa. Do kompetencji KZD nale\u017cy m.in. uchwalanie og\u00f3lnego programu dzia\u0142ania Zwi\u0105zku, zmiana Statutu oraz wyb\u00f3r przewodnicz\u0105cego Komisji Krajowej. Od 2010 funkcj\u0119 przewodnicz\u0105cego &#8222;S&#8221; pe\u0142ni Piotr Duda.","og_url":"https:\/\/www.solidarnosc.org.pl\/bbial\/archiwumstrony\/solidarnosc\/kto-zostanie-przewodniczacym-s-zbliza-sie-krajowy-zjazd-delegatow-nszz-solidarnosc\/","og_site_name":"NSZZ SOLIDARNO\u015a\u0106","article_publisher":"https:\/\/www.facebook.com\/RegionPodbeskidzieNSZZSolidarnosc\/?locale=pl_PL","article_published_time":"2018-10-22T06:56:50+00:00","og_image":[{"width":1626,"height":1030,"url":"https:\/\/www.solidarnosc.org.pl\/bbial\/archiwumstrony\/wp-content\/uploads\/2023\/10\/logo-nszz-s-podeskidzie.jpg","type":"image\/jpeg"}],"author":"Informacja zwi\u0105zkowa","twitter_card":"summary_large_image","twitter_misc":{"Napisane przez":"Informacja zwi\u0105zkowa","Szacowany czas czytania":"2 minuty"},"schema":{"@context":"https:\/\/schema.org","@graph":[{"@type":"Article","@id":"https:\/\/www.solidarnosc.org.pl\/bbial\/archiwumstrony\/solidarnosc\/kto-zostanie-przewodniczacym-s-zbliza-sie-krajowy-zjazd-delegatow-nszz-solidarnosc\/#article","isPartOf":{"@id":"https:\/\/www.solidarnosc.org.pl\/bbial\/archiwumstrony\/solidarnosc\/kto-zostanie-przewodniczacym-s-zbliza-sie-krajowy-zjazd-delegatow-nszz-solidarnosc\/"},"author":{"name":"Informacja zwi\u0105zkowa","@id":"https:\/\/www.solidarnosc.org.pl\/bbial\/archiwumstrony\/#\/schema\/person\/d8a6c0c2d8209b3065504110fb35aae9"},"headline":"Kto zostanie przewodnicz\u0105cym &#8222;S&#8221;? Zbli\u017ca si\u0119 Krajowy Zjazd Delegat\u00f3w NSZZ Solidarno\u015b\u0107.","datePublished":"2018-10-22T06:56:50+00:00","dateModified":"2018-10-22T06:56:50+00:00","mainEntityOfPage":{"@id":"https:\/\/www.solidarnosc.org.pl\/bbial\/archiwumstrony\/solidarnosc\/kto-zostanie-przewodniczacym-s-zbliza-sie-krajowy-zjazd-delegatow-nszz-solidarnosc\/"},"wordCount":327,"publisher":{"@id":"https:\/\/www.solidarnosc.org.pl\/bbial\/archiwumstrony\/#organization"},"keywords":["Delegaci","KZD","wybory","Zjazd"],"articleSection":["Solidarno\u015b\u0107 Podbeskidzie"],"inLanguage":"pl-PL"},{"@type":"WebPage","@id":"https:\/\/www.solidarnosc.org.pl\/bbial\/archiwumstrony\/solidarnosc\/kto-zostanie-przewodniczacym-s-zbliza-sie-krajowy-zjazd-delegatow-nszz-solidarnosc\/","url":"https:\/\/www.solidarnosc.org.pl\/bbial\/archiwumstrony\/solidarnosc\/kto-zostanie-przewodniczacym-s-zbliza-sie-krajowy-zjazd-delegatow-nszz-solidarnosc\/","name":"&#32;-&#32; Kto zostanie przewodnicz\u0105cym \"S\"? Zbli\u017ca si\u0119 Krajowy Zjazd Delegat\u00f3w NSZZ Solidarno\u015b\u0107.","isPartOf":{"@id":"https:\/\/www.solidarnosc.org.pl\/bbial\/archiwumstrony\/#website"},"datePublished":"2018-10-22T06:56:50+00:00","dateModified":"2018-10-22T06:56:50+00:00","breadcrumb":{"@id":"https:\/\/www.solidarnosc.org.pl\/bbial\/archiwumstrony\/solidarnosc\/kto-zostanie-przewodniczacym-s-zbliza-sie-krajowy-zjazd-delegatow-nszz-solidarnosc\/#breadcrumb"},"inLanguage":"pl-PL","potentialAction":[{"@type":"ReadAction","target":["https:\/\/www.solidarnosc.org.pl\/bbial\/archiwumstrony\/solidarnosc\/kto-zostanie-przewodniczacym-s-zbliza-sie-krajowy-zjazd-delegatow-nszz-solidarnosc\/"]}]},{"@type":"BreadcrumbList","@id":"https:\/\/www.solidarnosc.org.pl\/bbial\/archiwumstrony\/solidarnosc\/kto-zostanie-przewodniczacym-s-zbliza-sie-krajowy-zjazd-delegatow-nszz-solidarnosc\/#breadcrumb","itemListElement":[{"@type":"ListItem","position":1,"name":"Strona g\u0142\u00f3wna","item":"https:\/\/www.solidarnosc.org.pl\/bbial\/archiwumstrony\/"},{"@type":"ListItem","position":2,"name":"Kto zostanie przewodnicz\u0105cym &#8222;S&#8221;? Zbli\u017ca si\u0119 Krajowy Zjazd Delegat\u00f3w NSZZ Solidarno\u015b\u0107."}]},{"@type":"WebSite","@id":"https:\/\/www.solidarnosc.org.pl\/bbial\/archiwumstrony\/#website","url":"https:\/\/www.solidarnosc.org.pl\/bbial\/archiwumstrony\/","name":"NSZZ SOLIDARNO\u015a\u0106","description":"Region Podbeskidzie","publisher":{"@id":"https:\/\/www.solidarnosc.org.pl\/bbial\/archiwumstrony\/#organization"},"potentialAction":[{"@type":"SearchAction","target":{"@type":"EntryPoint","urlTemplate":"https:\/\/www.solidarnosc.org.pl\/bbial\/archiwumstrony\/?s={search_term_string}"},"query-input":"required name=search_term_string"}],"inLanguage":"pl-PL"},{"@type":"Organization","@id":"https:\/\/www.solidarnosc.org.pl\/bbial\/archiwumstrony\/#organization","name":"NSZZ SOLIDARNO\u015a\u0106","url":"https:\/\/www.solidarnosc.org.pl\/bbial\/archiwumstrony\/","logo":{"@type":"ImageObject","inLanguage":"pl-PL","@id":"https:\/\/www.solidarnosc.org.pl\/bbial\/archiwumstrony\/#\/schema\/logo\/image\/","url":"https:\/\/www.solidarnosc.org.pl\/bbial\/archiwumstrony\/wp-content\/uploads\/2023\/10\/logo-nszz-s-podeskidzie.jpg","contentUrl":"https:\/\/www.solidarnosc.org.pl\/bbial\/archiwumstrony\/wp-content\/uploads\/2023\/10\/logo-nszz-s-podeskidzie.jpg","width":1626,"height":1030,"caption":"NSZZ SOLIDARNO\u015a\u0106"},"image":{"@id":"https:\/\/www.solidarnosc.org.pl\/bbial\/archiwumstrony\/#\/schema\/logo\/image\/"},"sameAs":["https:\/\/www.facebook.com\/RegionPodbeskidzieNSZZSolidarnosc\/?locale=pl_PL"]},{"@type":"Person","@id":"https:\/\/www.solidarnosc.org.pl\/bbial\/archiwumstrony\/#\/schema\/person\/d8a6c0c2d8209b3065504110fb35aae9","name":"Informacja zwi\u0105zkowa","image":{"@type":"ImageObject","inLanguage":"pl-PL","@id":"https:\/\/www.solidarnosc.org.pl\/bbial\/archiwumstrony\/#\/schema\/person\/image\/","url":"https:\/\/secure.gravatar.com\/avatar\/b02f5714e8bd82578cf0e25319668b67?s=96&d=blank&r=g","contentUrl":"https:\/\/secure.gravatar.com\/avatar\/b02f5714e8bd82578cf0e25319668b67?s=96&d=blank&r=g","caption":"Informacja zwi\u0105zkowa"},"url":"https:\/\/www.solidarnosc.org.pl\/bbial\/archiwumstrony\/author\/akasprzykowski\/"}]}},"_links":{"self":[{"href":"https:\/\/www.solidarnosc.org.pl\/bbial\/archiwumstrony\/wp-json\/wp\/v2\/posts\/11852"}],"collection":[{"href":"https:\/\/www.solidarnosc.org.pl\/bbial\/archiwumstrony\/wp-json\/wp\/v2\/posts"}],"about":[{"href":"https:\/\/www.solidarnosc.org.pl\/bbial\/archiwumstrony\/wp-json\/wp\/v2\/types\/post"}],"author":[{"embeddable":true,"href":"https:\/\/www.solidarnosc.org.pl\/bbial\/archiwumstrony\/wp-json\/wp\/v2\/users\/3"}],"replies":[{"embeddable":true,"href":"https:\/\/www.solidarnosc.org.pl\/bbial\/archiwumstrony\/wp-json\/wp\/v2\/comments?post=11852"}],"version-history":[{"count":1,"href":"https:\/\/www.solidarnosc.org.pl\/bbial\/archiwumstrony\/wp-json\/wp\/v2\/posts\/11852\/revisions"}],"predecessor-version":[{"id":11853,"href":"https:\/\/www.solidarnosc.org.pl\/bbial\/archiwumstrony\/wp-json\/wp\/v2\/posts\/11852\/revisions\/11853"}],"wp:attachment":[{"href":"https:\/\/www.solidarnosc.org.pl\/bbial\/archiwumstrony\/wp-json\/wp\/v2\/media?parent=11852"}],"wp:term":[{"taxonomy":"category","embeddable":true,"href":"https:\/\/www.solidarnosc.org.pl\/bbial\/archiwumstrony\/wp-json\/wp\/v2\/categories?post=11852"},{"taxonomy":"post_tag","embeddable":true,"href":"https:\/\/www.solidarnosc.org.pl\/bbial\/archiwumstrony\/wp-json\/wp\/v2\/tags?post=11852"}],"curies":[{"name":"wp","href":"https:\/\/api.w.org\/{rel}","templated":true}]}}